{"id":18819,"date":"2022-11-29T11:00:00","date_gmt":"2022-11-29T14:00:00","guid":{"rendered":"https:\/\/www.cofecon.org.br\/?p=18819"},"modified":"2022-11-29T11:00:00","modified_gmt":"2022-11-29T14:00:00","slug":"oficina-de-economia-politica","status":"publish","type":"post","link":"https:\/\/cofecon.org.br\/cofecon\/?p=18819","title":{"rendered":"Oficina de economia pol\u00edtica"},"content":{"rendered":"<p><em>Por Manoel Castanho<\/em><\/p>\n<p>No m\u00eas de agosto comemora-se o Dia do Economista e, como parte das comemora\u00e7\u00f5es, economista Rosa Maria Marques, professora titular da Pontif\u00edcia Universidade Cat\u00f3lica de S\u00e3o Paulo (PUC\/SP), ministrou uma oficina de economia pol\u00edtica, transmitida via internet pelo canal do Cofecon no YouTube. Todos os inscritos por meio da plataforma de Educa\u00e7\u00e3o a Dist\u00e2ncia (EAD) do Cofecon receberam certificados.<\/p>\n<p>Rosa, que tamb\u00e9m \u00e9 ex-presidente da Sociedade Brasileira de Economia Pol\u00edtica e autora de v\u00e1rios livros no campo da economia brasileira, capitalismo contempor\u00e2neo e pol\u00edticas sociais, abordou tr\u00eas grandes temas durante as aulas realizadas nos dias 03 e 12 de agosto: domin\u00e2ncia financeira, neoliberalismo e a quest\u00e3o ambiental.<\/p>\n<p><strong>Domin\u00e2ncia financeira<\/strong><\/p>\n<p>A professora caracterizou o capitalismo contempor\u00e2neo mencionando o processo de mundializa\u00e7\u00e3o do capital (globaliza\u00e7\u00e3o) \u2013 circula cada vez mais r\u00e1pido, no mundo todo, e cria cadeias mundiais de valor. \u201cAo contr\u00e1rio do que alguns pensam, n\u00e3o impede a especializa\u00e7\u00e3o de alguns pa\u00edses na produ\u00e7\u00e3o de determinadas mercadorias\u201d, afirmou Rosa. No per\u00edodo, o capital portador de juros, que j\u00e1 havia sido dominante entre o fim do s\u00e9culo 19 e o in\u00edcio do s\u00e9culo 20, teve um crescimento exacerbado.<\/p>\n<p>Ap\u00f3s a Segunda Guerra, h\u00e1 um per\u00edodo de 30 anos nos quais as economias crescem, bem como os sal\u00e1rios e lucros, a qualidade de vida melhora e a industrializa\u00e7\u00e3o se dissemina. \u201cNo p\u00f3s-guerra houve condi\u00e7\u00f5es pol\u00edticas muito particulares, com um fortalecimento de setores ligados a socialistas e das resist\u00eancias ligadas ao enfrentamento do nazifascismo. E isso vai ser decisivo para definir como recuperar a Europa\u201d, ponderou Rosa. As condi\u00e7\u00f5es pol\u00edticas do momento permitiram a implanta\u00e7\u00e3o do Estado de bem-estar social (welfare state), a produtividade cresceu, os trabalhadores tiveram um crescimento do sal\u00e1rio real e a taxa de crescimento do lucro come\u00e7a a cair.<\/p>\n<p>Rosa mencionou os tr\u00eas tipos de capital citados por Marx: capital industrial, comercial e a juros \u2013 sendo este \u00faltimo um dinheiro que faz dinheiro sem passar pelas agruras da produ\u00e7\u00e3o. O capital portador de juros volta a ser dominante ap\u00f3s o Choque do Petr\u00f3leo, quando o pensamento liberal retorna na forma do neoliberalismo. \u201cToda a estrutura criada ap\u00f3s o p\u00f3s-guerra come\u00e7a a ruir por meio de um processo de desregulamenta\u00e7\u00e3o, que come\u00e7a primeiro na \u00e1rea financeira, mudando o c\u00e2mbio e permitindo que houvesse sa\u00edda e entrada de capital de um lado para o outro\u201d, explicou a professora. Esta situa\u00e7\u00e3o gera a supremacia dos credores da d\u00edvida p\u00fablica, o fechamento de filiais quando a taxa de lucro \u00e9 inferior \u00e0 rentabilidade m\u00ednima e um n\u00edvel de investimento muito baixo.<\/p>\n<p><strong>Neoliberalismo<\/strong><\/p>\n<p>Durante anos recentes, quando v\u00e1rios governos aumentaram significativamente os gastos durante a pandemia, e depois que o presidente norte-americano Joe Biden anunciou seu plano de US$ 6 trilh\u00f5es para estimular a economia, muitos disseram que era o fim do neoliberalismo. \u201c\u00c9 um equ\u00edvoco\u201d, comentou Rosa. \u201cNo neoliberalismo n\u00e3o h\u00e1 um Estado m\u00ednimo; ele \u00e9 robusto e muitas vezes aumenta o endividamento. O maior exemplo disso s\u00e3o os Estados Unidos. O que ocorre \u00e9 uma diminui\u00e7\u00e3o de gastos com pol\u00edticas sociais, mas existem outras, ligadas \u00e0 ind\u00fastria de armamentos, em que o gasto se eleva.\u201d<\/p>\n<p>Na vis\u00e3o da professora, as pessoas n\u00e3o entendem o que \u00e9 o neoliberalismo. \u201cEle \u00e9 a express\u00e3o ret\u00f3rica dos interesses do capital portador de juros. O Estado s\u00f3 \u00e9 m\u00ednimo em determinadas \u00e1reas, mas o gasto nunca deixou de crescer, abrindo espa\u00e7o para a acumula\u00e7\u00e3o de capital do setor privado\u201d, argumentou Rosa. \u201cA defesa do mercado, de que n\u00e3o haja regulamenta\u00e7\u00f5es, \u00e9 uma justificativa para que o interesse do capital financeiro encontre eco e respaldo junto aos outros capitais e \u00e0 sociedade em geral. O neoliberalismo s\u00f3 pode ir embora se, com ele, for tamb\u00e9m a domin\u00e2ncia do capital a juros.\u201d<\/p>\n<p><strong>Capitalismo e meio ambiente<\/strong><\/p>\n<p>Durante a pandemia, com as medidas de isolamento social, houve uma queda no consumo e mudan\u00e7as sens\u00edveis na qualidade do ar e da \u00e1gua, com a presen\u00e7a de animais silvestres em lugares onde n\u00e3o se faziam mais presentes. Questionou-se, ent\u00e3o, se estas mudan\u00e7as seriam permanentes \u2013 e a economista pontua que isso n\u00e3o seria poss\u00edvel: \u201cO consumo exacerbado, um dos tra\u00e7os do capitalismo contempor\u00e2neo, \u00e9 um dos pilares mais importantes da sustenta\u00e7\u00e3o da reprodu\u00e7\u00e3o ampliada do capital\u201d.<\/p>\n<p>Em 1987 surgiu o conceito de desenvolvimento sustent\u00e1vel, algo que n\u00e3o agredisse a natureza e n\u00e3o exaurisse suas qualidades e potencialidades, garantindo a recupera\u00e7\u00e3o e o uso pelas gera\u00e7\u00f5es futuras. \u201cO problema \u00e9 que esta ideia tem como pressuposto a possibilidade de a reprodu\u00e7\u00e3o do capital ser concili\u00e1vel com a necess\u00e1ria a\u00e7\u00e3o reparadora. Mas esta concilia\u00e7\u00e3o n\u00e3o tem onde se apoiar\u201d, explanou Rosa. \u201cO modo de produ\u00e7\u00e3o capitalista independe da vontade do capitalista. Busca o aumento da produtividade, que \u00e9 o meio de obter um lucro extraordin\u00e1rio, sem importar se o m\u00e9todo \u00e9 ecologicamente adequado ou n\u00e3o. N\u00e3o h\u00e1 como conciliar o capitalismo com a natureza. Pode-se apenas mitigar.\u201d<\/p>\n<p>Por fim, apresentou conceitos como o Bem Viver e o Ecossocialismo. O primeiro est\u00e1 presente nos povos nativos da Am\u00e9rica do Sul; o \u00faltimo rejeita a ideia de progresso baseado em crescimento quantitativo. Para chegar neste resultado, seria preciso organizar a economia colocando as necessidades humanas e do planeta em primeiro plano, com um planejamento democr\u00e1tico, trazendo de volta a supremacia do valor de uso em vez do valor de troca. &#8220;Mas qualquer proposta neste sentido precisaria de um tempo de transi\u00e7\u00e3o, e mesmo os autores n\u00e3o conseguem definir quanto&#8221;, concluiu.<\/p>\n<p>Para ler a mat\u00e9ria na \u00edntegra, acesse a edi\u00e7\u00e3o de setembro da Revista Economistas:<\/p>\n<p><a href=\"https:\/\/bit.ly\/3UWEJYO\"><img loading=\"lazy\" decoding=\"async\" class=\"wp-image-18750\" src=\"http:\/\/cofecon.org.br\/cofecon\/wp-content\/uploads\/2022\/10\/capa-v3-724x1024.png\" sizes=\"(max-width: 724px) 100vw, 724px\" srcset=\"http:\/\/cofecon.org.br\/cofecon\/wp-content\/uploads\/2022\/10\/capa-v3-724x1024.png 724w, http:\/\/cofecon.org.br\/cofecon\/wp-content\/uploads\/2022\/10\/capa-v3-212x300.png 212w, http:\/\/cofecon.org.br\/cofecon\/wp-content\/uploads\/2022\/10\/capa-v3-768x1086.png 768w, http:\/\/cofecon.org.br\/cofecon\/wp-content\/uploads\/2022\/10\/capa-v3-1086x1536.png 1086w, http:\/\/cofecon.org.br\/cofecon\/wp-content\/uploads\/2022\/10\/capa-v3-1448x2048.png 1448w, http:\/\/cofecon.org.br\/cofecon\/wp-content\/uploads\/2022\/10\/capa-v3-800x1132.png 800w, http:\/\/cofecon.org.br\/cofecon\/wp-content\/uploads\/2022\/10\/capa-v3-1320x1867.png 1320w\" alt=\"\" width=\"213\" height=\"302\" \/><\/a><\/p><\/p>\n","protected":false},"excerpt":{"rendered":"<p>Por Manoel Castanho No m\u00eas de agosto comemora-se o Dia do Economista e, como parte das comemora\u00e7\u00f5es, economista Rosa Maria Marques, professora titular da Pontif\u00edcia Universidade Cat\u00f3lica de S\u00e3o Paulo (PUC\/SP), ministrou uma oficina de economia pol\u00edtica, transmitida via internet<\/p>\n<p><a class=\"more-link\" href=\"https:\/\/cofecon.org.br\/cofecon\/?p=18819\">Leia Mais<\/a><\/p>\n","protected":false},"author":1,"featured_media":18820,"comment_status":"closed","ping_status":"closed","sticky":false,"template":"","format":"standard","meta":{"footnotes":""},"categories":[41],"tags":[],"class_list":["post-18819","post","type-post","status-publish","format-standard","has-post-thumbnail","hentry","category-revista-economistas"],"_links":{"self":[{"href":"https:\/\/cofecon.org.br\/cofecon\/index.php?rest_route=\/wp\/v2\/posts\/18819"}],"collection":[{"href":"https:\/\/cofecon.org.br\/cofecon\/index.php?rest_route=\/wp\/v2\/posts"}],"about":[{"href":"https:\/\/cofecon.org.br\/cofecon\/index.php?rest_route=\/wp\/v2\/types\/post"}],"author":[{"embeddable":true,"href":"https:\/\/cofecon.org.br\/cofecon\/index.php?rest_route=\/wp\/v2\/users\/1"}],"replies":[{"embeddable":true,"href":"https:\/\/cofecon.org.br\/cofecon\/index.php?rest_route=%2Fwp%2Fv2%2Fcomments&post=18819"}],"version-history":[{"count":0,"href":"https:\/\/cofecon.org.br\/cofecon\/index.php?rest_route=\/wp\/v2\/posts\/18819\/revisions"}],"wp:featuredmedia":[{"embeddable":true,"href":"https:\/\/cofecon.org.br\/cofecon\/index.php?rest_route=\/wp\/v2\/media\/18820"}],"wp:attachment":[{"href":"https:\/\/cofecon.org.br\/cofecon\/index.php?rest_route=%2Fwp%2Fv2%2Fmedia&parent=18819"}],"wp:term":[{"taxonomy":"category","embeddable":true,"href":"https:\/\/cofecon.org.br\/cofecon\/index.php?rest_route=%2Fwp%2Fv2%2Fcategories&post=18819"},{"taxonomy":"post_tag","embeddable":true,"href":"https:\/\/cofecon.org.br\/cofecon\/index.php?rest_route=%2Fwp%2Fv2%2Ftags&post=18819"}],"curies":[{"name":"wp","href":"https:\/\/api.w.org\/{rel}","templated":true}]}}