{"id":18791,"date":"2022-10-07T16:46:51","date_gmt":"2022-10-07T19:46:51","guid":{"rendered":"https:\/\/www.cofecon.org.br\/?p=18791"},"modified":"2022-10-07T16:46:51","modified_gmt":"2022-10-07T19:46:51","slug":"conselheiro-federal-lauro-chaves-neto-lanca-livro-no-ceara","status":"publish","type":"post","link":"https:\/\/cofecon.org.br\/cofecon\/?p=18791","title":{"rendered":"Conselheiro federal Lauro Chaves Neto lan\u00e7a livro no Cear\u00e1"},"content":{"rendered":"<p><span data-contrast=\"none\">Na pr\u00f3xima quinta-feira (13), \u00e0s 10h, a Academia Cearense de Letras e o Sebrae-CE lan\u00e7ar\u00e3o o livro \u201cA cadeia produtiva do livro no Cear\u00e1\u201d do conselheiro federal Lauro Chaves Neto. A obra \u00e9 uma parceria do economista com o gestor cultural Lu\u00eds Carlos Sabadia.\u00a0\u00a0<\/span><span data-ccp-props=\"{&quot;201341983&quot;:0,&quot;335559740&quot;:276}\">\u00a0<\/span><\/p>\n<p><span data-contrast=\"none\">O evento ser\u00e1 presencial na Academia Cearense de Letras, situada na Rua do Ros\u00e1rio, 01, Centro, Fortaleza (CE). Participe!<\/span><span data-ccp-props=\"{&quot;201341983&quot;:0,&quot;335559740&quot;:276}\">\u00a0<\/span><\/p>\n<p><b><span data-contrast=\"none\">Autores<\/span><\/b><span data-ccp-props=\"{&quot;201341983&quot;:0,&quot;335559740&quot;:276}\">\u00a0<\/span><\/p>\n<p><b><span data-contrast=\"none\">Lauro Chaves Neto<\/span><\/b><span data-ccp-props=\"{&quot;201341983&quot;:0,&quot;335559740&quot;:276}\">\u00a0<\/span><\/p>\n<p><span data-contrast=\"none\">Economista, PhD em Desenvolvimento Regional pela Universidade de Barcelona, professor da Universidade Estadual do Cear\u00e1 (UECE) e assessor econ\u00f4mico da Federa\u00e7\u00e3o das Ind\u00fastrias do Estado do Cear\u00e1 (FIEC). \u00c9 conselheiro federal e coordenador do Grupo de Trabalho Economista Empreendedor do Cofecon.\u00a0<\/span><span data-ccp-props=\"{&quot;201341983&quot;:0,&quot;335559740&quot;:276}\">\u00a0<\/span><\/p>\n<p><b><span data-contrast=\"none\">Lu\u00eds Carlos Beltr\u00e3o Sabadia<\/span><\/b><span data-ccp-props=\"{&quot;201341983&quot;:0,&quot;335559740&quot;:276}\">\u00a0<\/span><\/p>\n<p><span data-contrast=\"none\">Possui gradua\u00e7\u00e3o em administra\u00e7\u00e3o pela Universidade Estadual do Cear\u00e1, e especializa\u00e7\u00e3o em Gest\u00e3o de Produtos e Servi\u00e7os Culturais tamb\u00e9m pela UECE. Atualmente \u00e9 membro da comiss\u00e3o de implanta\u00e7\u00e3o da TvE da Prefeitura Municipal de Fortaleza e consultor. Tem experi\u00eancia na \u00e1rea de administra\u00e7\u00e3o, com \u00eanfase na elabora\u00e7\u00e3o e gest\u00e3o de projetos culturais, esportivos e sociais.<\/span><span data-ccp-props=\"{&quot;201341983&quot;:0,&quot;335559740&quot;:276}\">\u00a0<\/span><\/p>\n","protected":false},"excerpt":{"rendered":"<p>Na pr\u00f3xima quinta-feira (13), \u00e0s 10h, a Academia Cearense de Letras e o Sebrae-CE lan\u00e7ar\u00e3o o livro \u201cA cadeia produtiva do livro no Cear\u00e1\u201d do conselheiro federal Lauro Chaves Neto. A obra \u00e9 uma parceria do economista com o gestor<\/p>\n<p><a class=\"more-link\" href=\"https:\/\/cofecon.org.br\/cofecon\/?p=18791\">Leia Mais<\/a><\/p>\n","protected":false},"author":1,"featured_media":18792,"comment_status":"closed","ping_status":"closed","sticky":false,"template":"","format":"standard","meta":{"footnotes":""},"categories":[2],"tags":[],"class_list":["post-18791","post","type-post","status-publish","format-standard","has-post-thumbnail","hentry","category-noticias"],"_links":{"self":[{"href":"https:\/\/cofecon.org.br\/cofecon\/index.php?rest_route=\/wp\/v2\/posts\/18791"}],"collection":[{"href":"https:\/\/cofecon.org.br\/cofecon\/index.php?rest_route=\/wp\/v2\/posts"}],"about":[{"href":"https:\/\/cofecon.org.br\/cofecon\/index.php?rest_route=\/wp\/v2\/types\/post"}],"author":[{"embeddable":true,"href":"https:\/\/cofecon.org.br\/cofecon\/index.php?rest_route=\/wp\/v2\/users\/1"}],"replies":[{"embeddable":true,"href":"https:\/\/cofecon.org.br\/cofecon\/index.php?rest_route=%2Fwp%2Fv2%2Fcomments&post=18791"}],"version-history":[{"count":0,"href":"https:\/\/cofecon.org.br\/cofecon\/index.php?rest_route=\/wp\/v2\/posts\/18791\/revisions"}],"wp:featuredmedia":[{"embeddable":true,"href":"https:\/\/cofecon.org.br\/cofecon\/index.php?rest_route=\/wp\/v2\/media\/18792"}],"wp:attachment":[{"href":"https:\/\/cofecon.org.br\/cofecon\/index.php?rest_route=%2Fwp%2Fv2%2Fmedia&parent=18791"}],"wp:term":[{"taxonomy":"category","embeddable":true,"href":"https:\/\/cofecon.org.br\/cofecon\/index.php?rest_route=%2Fwp%2Fv2%2Fcategories&post=18791"},{"taxonomy":"post_tag","embeddable":true,"href":"https:\/\/cofecon.org.br\/cofecon\/index.php?rest_route=%2Fwp%2Fv2%2Ftags&post=18791"}],"curies":[{"name":"wp","href":"https:\/\/api.w.org\/{rel}","templated":true}]}}