{"id":17619,"date":"2022-05-04T17:18:49","date_gmt":"2022-05-04T20:18:49","guid":{"rendered":"https:\/\/www.cofecon.org.br\/?p=17619"},"modified":"2022-05-04T17:18:49","modified_gmt":"2022-05-04T20:18:49","slug":"livro-homenageia-75-anos-do-departamento-de-economia-da-ufpr","status":"publish","type":"post","link":"https:\/\/cofecon.org.br\/cofecon\/?p=17619","title":{"rendered":"Livro homenageia 75 anos do Departamento de Economia da UFPR"},"content":{"rendered":"<p>Est\u00e1 dispon\u00edvel para download, no site do Departamento de Economia da UFPR, o livro digital \u201cO Brasil no S\u00e9culo XXI\u201d. A obra, organizada pelos professores Ivan Colangelo Salom\u00e3o, Fernando Motta Correia e Vin\u00edcius de Almeida Valle, homenageia os 75 anos do Departamento.<\/p>\n<p>Ao longo de mais de 400 p\u00e1ginas, o livro aborda assuntos como produtividade, ind\u00fastria, mercado de capitais, desenvolvimento sustent\u00e1vel, pol\u00edticas p\u00fablicas, regula\u00e7\u00e3o e pol\u00edtica fiscal, entre outros, resultando num conte\u00fado bastante rico para o entendimento do momento econ\u00f4mico do Brasil.<\/p>\n<p>O material pode ser acessado <strong><a href=\"http:\/\/www.sociaisaplicadas.ufpr.br\/portal\/depecon\/wp-content\/uploads\/sites\/6\/2022\/05\/DEPECON-UFPR-75-anos.pdf?fbclid=IwAR2yzAO0oAfflZbl9Yq9R4IcyIFhN8Q5ymcXIru0j1V_la8-6-lK78JJvPY\">clicando AQUI.<\/a><\/strong><\/p>\n<p><strong>75 anos<br \/>\n<\/strong>A obra homenageia os 75 anos do curso do Departamento de Economia da UFPR, completados em 2021, e o primeiro artigo, de autoria de Ana Lucia Jansen de Mello de Santana e Luiz Vamberto de Santana, resgata a hist\u00f3ria do ensino de Ci\u00eancias Econ\u00f4micas na UFPR \u2013 o curso, em 1947, tinha 37 alunos.<\/p>\n<p>Nos anos 70 foi organizado um curso de especializa\u00e7\u00e3o em Teoria Econ\u00f4mica; mais tarde, foi criado o curso de p\u00f3s-gradua\u00e7\u00e3o&nbsp;<em>stricto sensu<\/em>&nbsp;em Desenvolvimento Econ\u00f4mico, com a primeira turma iniciada em 1989. A iniciativa derivou na aprova\u00e7\u00e3o, em 1993, do mestrado em Desenvolvimento econ\u00f4mico e, em 1999, na cria\u00e7\u00e3o do curso de doutorado na mesma \u00e1rea.<\/p>\n<p>\u201c\u00d3rg\u00e3os de import\u00e2ncia local, regional ou nacional seguidamente solicitavam a cess\u00e3o de docentes do Departamento de Economia para ocuparem posi\u00e7\u00f5es dentro de suas estruturas diretivas ou consultivas\u201d, menciona o artigo.<\/p>\n<p>Os professores Carlos Artur Krueger Passos (um dos formadores do n\u00facleo que criou o curso de p\u00f3s-gradua\u00e7\u00e3o) e Francisco de Borja Magalh\u00e3es Filho foram secret\u00e1rios de Planejamento do governo do Paran\u00e1; Aldair Tarc\u00edsio Rizzi foi secret\u00e1rio de Ci\u00eancia, Tecnologia e Ensino Superior; Claus Magno Germer foi secret\u00e1rio de Agricultura. Borja Magalh\u00e3es, Jos\u00e9 Moraes Neto, Paulo Mello Garcia e Liana Carneial foram presidentes do Instituto Paranaense de Desenvolvimento; e Moraes Neto tamb\u00e9m presidiu o Banco Regional de Desenvolvimento do Extremo Sul (BRDE).<\/p>\n<p>Tr\u00eas professores do Departamento de Economia da UFPR tornaram-se presidentes do Cofecon. Carlos Arthur Krueger Passos, dirigiu a autarquia em 1989; Jos\u00e9 Moraes Neto foi presidente do Cofecon em 1992; e Francisco de Borja Magalh\u00e3es Filho, em 1997.<\/p>\n","protected":false},"excerpt":{"rendered":"<p>Est\u00e1 dispon\u00edvel para download, no site do Departamento de Economia da UFPR, o livro digital \u201cO Brasil no S\u00e9culo XXI\u201d. A obra, organizada pelos professores Ivan Colangelo Salom\u00e3o, Fernando Motta Correia e Vin\u00edcius de Almeida Valle, homenageia os 75 anos<\/p>\n<p><a class=\"more-link\" href=\"https:\/\/cofecon.org.br\/cofecon\/?p=17619\">Leia Mais<\/a><\/p>\n","protected":false},"author":1,"featured_media":17620,"comment_status":"closed","ping_status":"closed","sticky":false,"template":"","format":"standard","meta":{"footnotes":""},"categories":[2],"tags":[],"class_list":["post-17619","post","type-post","status-publish","format-standard","has-post-thumbnail","hentry","category-noticias"],"_links":{"self":[{"href":"https:\/\/cofecon.org.br\/cofecon\/index.php?rest_route=\/wp\/v2\/posts\/17619"}],"collection":[{"href":"https:\/\/cofecon.org.br\/cofecon\/index.php?rest_route=\/wp\/v2\/posts"}],"about":[{"href":"https:\/\/cofecon.org.br\/cofecon\/index.php?rest_route=\/wp\/v2\/types\/post"}],"author":[{"embeddable":true,"href":"https:\/\/cofecon.org.br\/cofecon\/index.php?rest_route=\/wp\/v2\/users\/1"}],"replies":[{"embeddable":true,"href":"https:\/\/cofecon.org.br\/cofecon\/index.php?rest_route=%2Fwp%2Fv2%2Fcomments&post=17619"}],"version-history":[{"count":0,"href":"https:\/\/cofecon.org.br\/cofecon\/index.php?rest_route=\/wp\/v2\/posts\/17619\/revisions"}],"wp:featuredmedia":[{"embeddable":true,"href":"https:\/\/cofecon.org.br\/cofecon\/index.php?rest_route=\/wp\/v2\/media\/17620"}],"wp:attachment":[{"href":"https:\/\/cofecon.org.br\/cofecon\/index.php?rest_route=%2Fwp%2Fv2%2Fmedia&parent=17619"}],"wp:term":[{"taxonomy":"category","embeddable":true,"href":"https:\/\/cofecon.org.br\/cofecon\/index.php?rest_route=%2Fwp%2Fv2%2Fcategories&post=17619"},{"taxonomy":"post_tag","embeddable":true,"href":"https:\/\/cofecon.org.br\/cofecon\/index.php?rest_route=%2Fwp%2Fv2%2Ftags&post=17619"}],"curies":[{"name":"wp","href":"https:\/\/api.w.org\/{rel}","templated":true}]}}