{"id":17607,"date":"2022-05-04T10:12:07","date_gmt":"2022-05-04T13:12:07","guid":{"rendered":"https:\/\/www.cofecon.org.br\/?p=17607"},"modified":"2022-05-04T10:12:07","modified_gmt":"2022-05-04T13:12:07","slug":"brics-ou-ic","status":"publish","type":"post","link":"https:\/\/cofecon.org.br\/cofecon\/?p=17607","title":{"rendered":"BRICS ou IC?"},"content":{"rendered":"<p><strong><em>Artigo de opini\u00e3o por Lauro Chaves Neto*<\/em><\/strong><\/p>\n<p>O acr\u00f4nimo BRIC foi criado em 2001 pelo economista brit\u00e2nico Jim O\u00b4Neil, do Goldman Sachs, em um trabalho que elaborava cen\u00e1rios para o crescimento de Brasil, R\u00fassia, \u00cdndia e China. O S veio com a inclus\u00e3o da \u00c1frica do Sul.<\/p>\n<p>O\u00b4Neil fez a estimativa de que a participa\u00e7\u00e3o dos emergentes na economia mundial passaria de 20 para 27%, de 2001 at\u00e9 2011, enquanto que o FMI aponta que essa participa\u00e7\u00e3o chegou a 26,8% em 2011 e 31,2% em 2021. Para Brasil e R\u00fassia, o economista projetou um crescimento anual m\u00e9dio de 4%, enquanto que o resultado real foi de 2,2% e 3,1% respectivamente.<\/p>\n<p>De forma consolidada os BRICS j\u00e1 respondem por quase um ter\u00e7o do PIB mundial, por\u00e9m esse resultado deve ser creditado principalmente a China e, em menor propor\u00e7\u00e3o a \u00cdndia. Ano passado, O\u00b4Neil publicou um artigo onde defende que na primeira d\u00e9cada do s\u00e9culo os quatro pa\u00edses tiveram desempenho melhor que o projetado. J\u00e1 na segunda d\u00e9cada, as participa\u00e7\u00f5es de Brasil e R\u00fassia no PIB Mundial diminu\u00edram.<\/p>\n<p>Em 2017, O\u00b4Neil j\u00e1 defendia que o acr\u00f4nimo deveria passar apenas IC (\u00cdndia e China), sendo o Brasil e a R\u00fassia as grandes decep\u00e7\u00f5es. Naquele ano o Brasil estava saindo da grande recess\u00e3o de 2014-2016 e teve um crescimento anual p\u00edfio de aproximadamente 1% de 2017-2019. De 2022 a 2026 o pa\u00eds deve dobrar esse crescimento m\u00e9dio, ainda assim 2% m\u00e9dio ao ano seria insuficiente para proporcionar a diminui\u00e7\u00e3o necess\u00e1ria no n\u00edvel de desemprego, combate a pobreza, redu\u00e7\u00e3o das desigualdades e a retomada da atividade econ\u00f4mica.<\/p>\n<p>J\u00e1 a R\u00fassia que vinha com desempenho econ\u00f4mico abaixo do previsto, dever\u00e1 ter um pior cen\u00e1rio com a Guerra da Ucr\u00e2nia e as consequ\u00eancias das san\u00e7\u00f5es aplicadas. O Banco Central Russo j\u00e1 projeta uma infla\u00e7\u00e3o de 20% e uma contra\u00e7\u00e3o econ\u00f4mica de 8% em 2022.<\/p>\n<p>A R\u00fassia foi exclu\u00edda do Sistema Internacional de Transa\u00e7\u00f5es Banc\u00e1rias, algumas empresas estrangeiras deixaram de operar no pa\u00eds e os EUA proibiram a importa\u00e7\u00e3o de petr\u00f3leo e g\u00e1s russos. Dentro dos BRICS, as rea\u00e7\u00f5es tem sido menos agressivas. Do grupo, enquanto os demais pa\u00edses se abstiveram, apenas o Brasil votou a favor de uma resolu\u00e7\u00e3o da ONU condenando a invas\u00e3o.<\/p>\n<p><em><strong>*Lauro Chaves Neto \u2013 Professor da UECE, PHD pela Universidade de Barcelona e Conselheiro Federal de Economia.<\/strong><\/em><\/p><\/p>\n","protected":false},"excerpt":{"rendered":"<p>Artigo de opini\u00e3o por Lauro Chaves Neto* O acr\u00f4nimo BRIC foi criado em 2001 pelo economista brit\u00e2nico Jim O\u00b4Neil, do Goldman Sachs, em um trabalho que elaborava cen\u00e1rios para o crescimento de Brasil, R\u00fassia, \u00cdndia e China. O S veio<\/p>\n<p><a class=\"more-link\" href=\"https:\/\/cofecon.org.br\/cofecon\/?p=17607\">Leia Mais<\/a><\/p>\n","protected":false},"author":1,"featured_media":17608,"comment_status":"closed","ping_status":"closed","sticky":false,"template":"","format":"standard","meta":{"footnotes":""},"categories":[6],"tags":[],"class_list":["post-17607","post","type-post","status-publish","format-standard","has-post-thumbnail","hentry","category-artigo"],"_links":{"self":[{"href":"https:\/\/cofecon.org.br\/cofecon\/index.php?rest_route=\/wp\/v2\/posts\/17607"}],"collection":[{"href":"https:\/\/cofecon.org.br\/cofecon\/index.php?rest_route=\/wp\/v2\/posts"}],"about":[{"href":"https:\/\/cofecon.org.br\/cofecon\/index.php?rest_route=\/wp\/v2\/types\/post"}],"author":[{"embeddable":true,"href":"https:\/\/cofecon.org.br\/cofecon\/index.php?rest_route=\/wp\/v2\/users\/1"}],"replies":[{"embeddable":true,"href":"https:\/\/cofecon.org.br\/cofecon\/index.php?rest_route=%2Fwp%2Fv2%2Fcomments&post=17607"}],"version-history":[{"count":0,"href":"https:\/\/cofecon.org.br\/cofecon\/index.php?rest_route=\/wp\/v2\/posts\/17607\/revisions"}],"wp:featuredmedia":[{"embeddable":true,"href":"https:\/\/cofecon.org.br\/cofecon\/index.php?rest_route=\/wp\/v2\/media\/17608"}],"wp:attachment":[{"href":"https:\/\/cofecon.org.br\/cofecon\/index.php?rest_route=%2Fwp%2Fv2%2Fmedia&parent=17607"}],"wp:term":[{"taxonomy":"category","embeddable":true,"href":"https:\/\/cofecon.org.br\/cofecon\/index.php?rest_route=%2Fwp%2Fv2%2Fcategories&post=17607"},{"taxonomy":"post_tag","embeddable":true,"href":"https:\/\/cofecon.org.br\/cofecon\/index.php?rest_route=%2Fwp%2Fv2%2Ftags&post=17607"}],"curies":[{"name":"wp","href":"https:\/\/api.w.org\/{rel}","templated":true}]}}