{"id":16696,"date":"2022-01-24T16:14:57","date_gmt":"2022-01-24T19:14:57","guid":{"rendered":"https:\/\/www.cofecon.org.br\/?p=16696"},"modified":"2022-01-24T16:14:57","modified_gmt":"2022-01-24T19:14:57","slug":"economia-brasileira-perspectivas-para-2022","status":"publish","type":"post","link":"https:\/\/cofecon.org.br\/cofecon\/?p=16696","title":{"rendered":"Economia Brasileira: perspectivas para 2022"},"content":{"rendered":"\n<p>O ex-ministro Nelson Barbosa e o deputado federal Mauro Benevides Filho, ambos economistas, s\u00e3o os convidados para discutir, no dia 27 de janeiro, \u00e0s 17 horas, as perspectivas da economia brasileira em 2022. A media\u00e7\u00e3o ser\u00e1 de <span data-contrast=\"none\">Adriana Fernandes, rep\u00f3rter especial e colunista de economia do jornal O Estado de S. Paulo.\u00a0<\/span><\/p>\n<p>A atividade, que marca o in\u00edcio do projeto Economia em Debate,\u00a0<span data-contrast=\"none\">ocorrer\u00e1 de forma h\u00edbrida, com transmiss\u00e3o simult\u00e2nea pelo canal do Cofecon no YouTube, acess\u00edvel <a href=\"https:\/\/youtu.be\/aE67LeryT68\"><span style=\"text-decoration: underline;\"><strong>AQUI<\/strong><\/span><\/a>.<\/span><span data-ccp-props=\"{&quot;134233117&quot;:true,&quot;134233118&quot;:true,&quot;201341983&quot;:0,&quot;335559740&quot;:240}\">\u00a0<\/span><span data-contrast=\"none\">Tamb\u00e9m participar\u00e3o do evento o presidente do Cofecon, Antonio Corr\u00eaa de Lacerda, e o conselheiro federal Fernando de Aquino Fonseca Neto.<\/span><span data-ccp-props=\"{&quot;134233117&quot;:true,&quot;134233118&quot;:true,&quot;201341983&quot;:0,&quot;335559740&quot;:240}\">\u00a0<\/span><\/p>\n<p><b><span data-contrast=\"none\">Os participantes<\/span><\/b><span data-ccp-props=\"{&quot;134233117&quot;:true,&quot;134233118&quot;:true,&quot;201341983&quot;:0,&quot;335559740&quot;:240}\">\u00a0<\/span><\/p>\n<p><b><span data-contrast=\"none\">Nelson Barbosa<\/span><\/b><span data-contrast=\"none\"> \u00e9 economista com mestrado pela UFRJ e doutorado pela New School of Social Research, em Nova Iorque. Atuou como professor em diversas institui\u00e7\u00f5es de ensino. No governo, foi analista do Banco Central, chefe adjunto da assessoria econ\u00f4mica do Minist\u00e9rio do Planejamento (em 2003) e assessor da presid\u00eancia do BNDES. Presidiu o conselho de administra\u00e7\u00e3o do Banco do Brasil e foi titular de v\u00e1rias secretarias do Minist\u00e9rio da Fazenda. Finalmente, entre 2015 e 2016, foi ministro do Or\u00e7amento, Planejamento e Gest\u00e3o e tamb\u00e9m da Fazenda.<\/span><span data-ccp-props=\"{&quot;134233117&quot;:true,&quot;134233118&quot;:true,&quot;201341983&quot;:0,&quot;335559740&quot;:240}\">\u00a0<\/span><\/p>\n<p><b><span data-contrast=\"none\">Mauro Benevides Filho<\/span><\/b><span data-contrast=\"none\"> \u00e9 economista graduado pela Universidade de Bras\u00edlia e doutor pela Universidade Vanderbilt. \u00c9 professor concursado da Universidade Federal do Cear\u00e1 e iniciou sua vida pol\u00edtica como secret\u00e1rio de Finan\u00e7as de Fortaleza na gest\u00e3o de Ciro Gomes. Foi eleito deputado estadual no Cear\u00e1 por seis mandatos consecutivos (de 1991 a 2015) e, no per\u00edodo, chegou a licenciar-se do cargo para ser secret\u00e1rio estadual de Planejamento, da Fazenda e de Administra\u00e7\u00e3o. Em 2015, retornou \u00e0 secretaria da Fazenda. Eleito deputado federal em 2018, licenciou-se do cargo no ano seguinte para assumir a secretaria estadual do Planejamento e Gest\u00e3o. Atualmente encontra-se no mandato de deputado federal.<\/span><span data-ccp-props=\"{&quot;134233117&quot;:true,&quot;134233118&quot;:true,&quot;201341983&quot;:0,&quot;335559740&quot;:240}\">\u00a0<\/span><\/p>\n<p><b><span data-contrast=\"none\">Adriana Fernandes <\/span><\/b><span data-contrast=\"none\">\u00e9 jornalista graduada pela Universidade de Bras\u00edlia, com especializa\u00e7\u00e3o em Economia e Meio Ambiente pela Funda\u00e7\u00e3o Get\u00falio Vargas (FGV\/RJ) e especializa\u00e7\u00e3o em Administra\u00e7\u00e3o de Neg\u00f3cios em Informa\u00e7\u00f5es Econ\u00f4mico-Financeiras e Mercado de Capitais pela Funda\u00e7\u00e3o Instituto de Administra\u00e7\u00e3o (FIA). Com passagens pela Ag\u00eancia Brasil e Ag\u00eancia O Globo, \u00e9 rep\u00f3rter especial e colunista de economia do jornal O Estado de S. Paulo. Atua no Grupo Estado desde 1998.<\/span><span data-ccp-props=\"{&quot;134233117&quot;:true,&quot;134233118&quot;:true,&quot;201341983&quot;:0,&quot;335559740&quot;:240}\">\u00a0<\/span><\/p>\n<p><b><span data-contrast=\"none\">Antonio Corr\u00eaa de Lacerda<\/span><\/b><span data-contrast=\"none\"> \u00e9 Professor-Doutor do programa de p\u00f3s-gradua\u00e7\u00e3o em Economia Pol\u00edtica da PUC-SP. A trajet\u00f3ria acad\u00eamica inclui doutorado pelo Instituto de Economia da Universidade Estadual de Campinas (Unicamp). Lacerda \u00e9 autor de cerca de 20 livros da \u00e1rea de Economia e se dedica continuamente \u00e0 produ\u00e7\u00e3o de artigos relevantes para o entendimento da conjuntura do pa\u00eds, regularmente veiculados em jornais de grande circula\u00e7\u00e3o. \u00c9 colaborador do jornal O Estado de S. Paulo e comentarista do Jornal da Cultura (TV Cultura). Entre os mais de 20 livros, lan\u00e7ou \u201cCelso Furtado, 100 anos: Pensamento e A\u00e7\u00e3o\u201d, obra que re\u00fane 9 autores e que resgata os principais elementos da biografia, do pensamento e das atividades do grande Economista em seu centen\u00e1rio de nascimento.\u00a0<\/span><span data-ccp-props=\"{&quot;134233117&quot;:true,&quot;134233118&quot;:true,&quot;201341983&quot;:0,&quot;335559740&quot;:240}\">\u00a0<\/span><\/p>\n<p><b><span data-contrast=\"none\">Fernando de Aquino Fonseca Neto<\/span><\/b><span data-contrast=\"none\"> \u00e9 economista pela Universidade Estadual de Pernambuco, com mestrado pela mesma institui\u00e7\u00e3o e doutorado pela Universidade de Bras\u00edlia. Atuou no Tribunal de Contas do Estado de Pernambuco e, desde 1993, \u00e9 servidor do Banco Central do Brasil. Foi professor em diversas institui\u00e7\u00f5es de ensino e vogal na Junta Comercial de Pernambuco. Foi tamb\u00e9m presidente do Conselho Regional de Economia (Corecon-PE).<\/span><span data-ccp-props=\"{&quot;134233117&quot;:true,&quot;134233118&quot;:true,&quot;201341983&quot;:0,&quot;335559740&quot;:240}\">\u00a0<\/span><\/p>\n","protected":false},"excerpt":{"rendered":"","protected":false},"author":1,"featured_media":16697,"comment_status":"closed","ping_status":"closed","sticky":false,"template":"","format":"standard","meta":{"footnotes":""},"categories":[27,2],"tags":[],"class_list":["post-16696","post","type-post","status-publish","format-standard","has-post-thumbnail","hentry","category-acoes-da-presidencia-lacerda","category-noticias"],"_links":{"self":[{"href":"https:\/\/cofecon.org.br\/cofecon\/index.php?rest_route=\/wp\/v2\/posts\/16696"}],"collection":[{"href":"https:\/\/cofecon.org.br\/cofecon\/index.php?rest_route=\/wp\/v2\/posts"}],"about":[{"href":"https:\/\/cofecon.org.br\/cofecon\/index.php?rest_route=\/wp\/v2\/types\/post"}],"author":[{"embeddable":true,"href":"https:\/\/cofecon.org.br\/cofecon\/index.php?rest_route=\/wp\/v2\/users\/1"}],"replies":[{"embeddable":true,"href":"https:\/\/cofecon.org.br\/cofecon\/index.php?rest_route=%2Fwp%2Fv2%2Fcomments&post=16696"}],"version-history":[{"count":0,"href":"https:\/\/cofecon.org.br\/cofecon\/index.php?rest_route=\/wp\/v2\/posts\/16696\/revisions"}],"wp:featuredmedia":[{"embeddable":true,"href":"https:\/\/cofecon.org.br\/cofecon\/index.php?rest_route=\/wp\/v2\/media\/16697"}],"wp:attachment":[{"href":"https:\/\/cofecon.org.br\/cofecon\/index.php?rest_route=%2Fwp%2Fv2%2Fmedia&parent=16696"}],"wp:term":[{"taxonomy":"category","embeddable":true,"href":"https:\/\/cofecon.org.br\/cofecon\/index.php?rest_route=%2Fwp%2Fv2%2Fcategories&post=16696"},{"taxonomy":"post_tag","embeddable":true,"href":"https:\/\/cofecon.org.br\/cofecon\/index.php?rest_route=%2Fwp%2Fv2%2Ftags&post=16696"}],"curies":[{"name":"wp","href":"https:\/\/api.w.org\/{rel}","templated":true}]}}