{"id":1641,"date":"2016-12-01T14:44:38","date_gmt":"2016-12-01T16:44:38","guid":{"rendered":"http:\/\/www.cofecon.org.br\/?p=1641"},"modified":"2016-12-01T14:44:38","modified_gmt":"2016-12-01T16:44:38","slug":"brasilia-3-milhoes","status":"publish","type":"post","link":"https:\/\/cofecon.org.br\/cofecon\/?p=1641","title":{"rendered":"Artigo &#8211; Bras\u00edlia, 3 milh\u00f5es"},"content":{"rendered":"<p style=\"text-align: justify;\">No pr\u00f3ximo domingo, 4 de dezembro, a popula\u00e7\u00e3o do Distrito Federal, segundo o IBGE, superar\u00e1 a marca dos tr\u00eas milh\u00f5es de habitantes. Institu\u00eddo em 1956 e formado por terras dos munic\u00edpios goianos de Planaltina, Luzi\u00e2nia e Formosa, o Distrito Federal, j\u00e1 em 1957, tinha 12.283 habitantes, segundo censo espec\u00edfico realizado pelo IBGE.<\/p>\n<p style=\"text-align: justify;\">Levou 22 anos para o Distrito Federal chegar a 1 milh\u00e3o de habitantes, em 1978. J\u00e1 a marca de 2 milh\u00f5es de pessoas residindo no quadril\u00e1tero demorou 21 anos e foi alcan\u00e7ada em 1999. E agora, 17 anos depois, atingimos o patamar de 3 milh\u00f5es de habitantes. Ainda que em processo de desacelera\u00e7\u00e3o, como no restante do Pa\u00eds, a popula\u00e7\u00e3o do DF cresce cerca de 60 mil pessoas a cada ano, taxa m\u00e9dia de 2% anuais, exatamente o dobro da taxa de crescimento da popula\u00e7\u00e3o brasileira, de 1% ao ano (2 milh\u00f5es de pessoas\/ano). \u00c9 prov\u00e1vel que a popula\u00e7\u00e3o do DF alcance a marca de 4 milh\u00f5es em 2036.<\/p>\n<p style=\"text-align: justify;\">J\u00e1 a nossa periferia metropolitana, formada por 12 munic\u00edpios goianos conurbados ou em processo de conurba\u00e7\u00e3o com o DF, est\u00e1 alcan\u00e7ando a marca de 1,2 milh\u00e3o de habitantes. Seu ritmo de crescimento \u00e9 ainda mais acelerado, perto de 3% ao ano, ou o triplo da m\u00e9dia nacional. Dessa forma, a \u00c1rea Metropolitana de Bras\u00edlia (AMB), com 4,2 milh\u00f5es de habitantes, disputa a condi\u00e7\u00e3o de 4\u00aa mais populosa metr\u00f3pole brasileira com Porto Alegre e Recife, s\u00f3 superadas pelas regi\u00f5es metropolitanas de S\u00e3o Paulo (21 milh\u00f5es de habitantes), Rio de Janeiro (12,5 milh\u00f5es) e Belo Horizonte (5,5 milh\u00f5es).<\/p>\n<p style=\"text-align: justify;\">Mas j\u00e1 em 2025, nossa \u00e1rea metropolitana juntar-se-\u00e1 ao clube das 100 metr\u00f3poles mundiais com popula\u00e7\u00e3o acima de 5 milh\u00f5es de habitantes, sendo 3,5 milh\u00f5es no DF e 1,5 milh\u00e3o na periferia metropolitana. \u00c9 de se esperar que tenhamos diversificado nossa estrutura produtiva de forma a gerar empregos para esta popula\u00e7\u00e3o adicional e gerar receita para atender as demandas por servi\u00e7os p\u00fablicos nas \u00e1reas de sa\u00fade, educa\u00e7\u00e3o, saneamento, habita\u00e7\u00e3o e urbaniza\u00e7\u00e3o, que crescer\u00e3o de forma acentuada.<\/p>\n<hr \/>\n<p><strong>J\u00falio Miragaya<\/strong> \u00e9 Presidente do Conselho Federal de Economia<\/p>\n","protected":false},"excerpt":{"rendered":"<p>No pr\u00f3ximo domingo, 4 de dezembro, a popula\u00e7\u00e3o do Distrito Federal, segundo o IBGE, superar\u00e1 a marca dos tr\u00eas milh\u00f5es de habitantes. Institu\u00eddo em 1956 e formado por terras dos munic\u00edpios goianos de Planaltina, Luzi\u00e2nia e Formosa, o Distrito Federal,<\/p>\n<p><a class=\"more-link\" href=\"https:\/\/cofecon.org.br\/cofecon\/?p=1641\">Leia Mais<\/a><\/p>\n","protected":false},"author":1,"featured_media":0,"comment_status":"open","ping_status":"open","sticky":false,"template":"","format":"standard","meta":{"footnotes":""},"categories":[6],"tags":[],"class_list":["post-1641","post","type-post","status-publish","format-standard","hentry","category-artigo"],"_links":{"self":[{"href":"https:\/\/cofecon.org.br\/cofecon\/index.php?rest_route=\/wp\/v2\/posts\/1641"}],"collection":[{"href":"https:\/\/cofecon.org.br\/cofecon\/index.php?rest_route=\/wp\/v2\/posts"}],"about":[{"href":"https:\/\/cofecon.org.br\/cofecon\/index.php?rest_route=\/wp\/v2\/types\/post"}],"author":[{"embeddable":true,"href":"https:\/\/cofecon.org.br\/cofecon\/index.php?rest_route=\/wp\/v2\/users\/1"}],"replies":[{"embeddable":true,"href":"https:\/\/cofecon.org.br\/cofecon\/index.php?rest_route=%2Fwp%2Fv2%2Fcomments&post=1641"}],"version-history":[{"count":0,"href":"https:\/\/cofecon.org.br\/cofecon\/index.php?rest_route=\/wp\/v2\/posts\/1641\/revisions"}],"wp:attachment":[{"href":"https:\/\/cofecon.org.br\/cofecon\/index.php?rest_route=%2Fwp%2Fv2%2Fmedia&parent=1641"}],"wp:term":[{"taxonomy":"category","embeddable":true,"href":"https:\/\/cofecon.org.br\/cofecon\/index.php?rest_route=%2Fwp%2Fv2%2Fcategories&post=1641"},{"taxonomy":"post_tag","embeddable":true,"href":"https:\/\/cofecon.org.br\/cofecon\/index.php?rest_route=%2Fwp%2Fv2%2Ftags&post=1641"}],"curies":[{"name":"wp","href":"https:\/\/api.w.org\/{rel}","templated":true}]}}