{"id":16293,"date":"2021-11-23T13:44:05","date_gmt":"2021-11-23T16:44:05","guid":{"rendered":"https:\/\/www.cofecon.org.br\/?p=16293"},"modified":"2021-11-23T13:44:05","modified_gmt":"2021-11-23T16:44:05","slug":"lacerda-fala-sobre-desemprego-programas-sociais-e-resposta-a-pandemia","status":"publish","type":"post","link":"https:\/\/cofecon.org.br\/cofecon\/?p=16293","title":{"rendered":"Lacerda fala sobre desemprego, programas sociais e resposta \u00e0 pandemia"},"content":{"rendered":"\n<p>O presidente do Cofecon, Antonio Corr\u00eaa de Lacerda, falou nesta ter\u00e7a-feira (23) \u00e0 GloboNews sobre o desemprego no Brasil. Tamb\u00e9m foram tratadas quest\u00f5es correlatas, como o Aux\u00edlio Brasil e a forma como o Pa\u00eds enfrentou a pandemia.<\/p>\n<p>&#8220;A crise j\u00e1 se estende por sete anos e foi agravada pela pandemia. Ela se soma a problemas estruturais brasileiros como a extrema concentra\u00e7\u00e3o de renda, a desigualdade e o desemprego&#8221;, comentou o presidente. Em seguida, ele explicou a diferen\u00e7a entre o n\u00famero de desocupados (14 milh\u00f5es), desalentados (6 milh\u00f5es) e subocupados (10 a 11 milh\u00f5es). &#8220;Estamos falando de um ter\u00e7o da popula\u00e7\u00e3o economicamente ativa&#8221;.<\/p>\n<p>Al\u00e9m dos problemas estruturais da economia brasileira, a pandemia trouxe um aumento do desemprego. &#8220;Ent\u00e3o, o aux\u00edlio emergencial \u00e9 aquilo que se torna quase imprescind\u00edvel para amenizar o problema social, primeiro, e tamb\u00e9m o econ\u00f4mico&#8221;, apontou Lacerda. &#8220;As pessoas que t\u00eam acesso ao aux\u00edlio t\u00eam uma propens\u00e3o ao consumo muito elevada, porque v\u00e3o em busca de alimentos, das quest\u00f5es do dia-a-dia, da sua subsist\u00eancia, e isso tem um efeito econ\u00f4mico importante&#8221;.<\/p>\n<p>Em rela\u00e7\u00e3o ao pr\u00f3ximo ano, o presidente do Cofecon v\u00ea equ\u00edvocos na forma como a quest\u00e3o est\u00e1 sendo trabalhada. &#8220;Est\u00e1 havendo um oportunismo eleitoreiro, aproveitando a necessidade de alguma forma de aux\u00edlio. N\u00e3o haveria por que mudar o Bolsa-Fam\u00edlia, que atingiu 14 milh\u00f5es de fam\u00edlias, mais de 51 milh\u00f5es de pessoas, em vigor h\u00e1 18 anos&#8221;, criticou Lacerda. &#8220;Al\u00e9m disso, ele est\u00e1 vinculado a esse truque dos precat\u00f3rios, que envolve um conjunto de recursos muito maior do que aquele necess\u00e1rio para pagar o Aux\u00edlio Brasil&#8221;.<\/p>\n<p>&#8220;Temos milh\u00f5es de pessoas que t\u00eam necessidade de algum apoio de pol\u00edtica social. Mas temos que ressalvar o seguinte: dentro do quadro atual h\u00e1 uma dificuldade inclusive de medi\u00e7\u00e3o&#8221;, continuou Lacerda. &#8220;Mas n\u00e3o muda a quest\u00e3o fundamental: na quest\u00e3o da subsist\u00eancia das pessoas existem aspectos estruturais, decorrentes da mudan\u00e7a tecnol\u00f3gica, que \u00e9 um problema internacional. No Brasil, o problema se agrava porque h\u00e1 tamb\u00e9m uma car\u00eancia de crescimento da economia&#8221;.<\/p>\n<p>O economista tamb\u00e9m foi enf\u00e1tico ao falar da forma como o Brasil enfrentou a pandemia. &#8220;Foi equivocada, especialmente em seu primeiro ano. J\u00e1 sabemos do atraso na vacina\u00e7\u00e3o, da falta de cuidado com os protocolos sanit\u00e1rios que pudessem manter em funcionamento a economia, a desconex\u00e3o entre o governo federal e os entes subnacionais (governadores e prefeitos), o relacionamento do Poder Executivo com o Legislativo e o Judici\u00e1rio, sem falar da m\u00e1 gest\u00e3o do Minist\u00e9rio da Sa\u00fade, com uma altern\u00e2ncia muito grande, o negacionismo, os protocolos equivocados que j\u00e1 foram amplamente debatidos&#8221;, apontou Lacerda. &#8220;Todos estes aspectos combinados agravam a situa\u00e7\u00e3o brasileira. Apesar de todos os paliativos, o espa\u00e7o para o crescimento da economia em 2022 fica muito limitado, havendo risco inclusive de recess\u00e3o, num quadro de estagfla\u00e7\u00e3o, ou seja, estagna\u00e7\u00e3o econ\u00f4mica com press\u00e3o inflacion\u00e1ria, especialmente sobre itens que pesam muito para a popula\u00e7\u00e3o de baixa renda&#8221;.<\/p>\n<p>O v\u00eddeo completo pode ser assistido clicando <strong><a href=\"https:\/\/g1.globo.com\/globonews\/playlist\/globonews-ultimos-videos.ghtml#video-10064883-id\">AQUI<\/a><\/strong>.<\/p>\n","protected":false},"excerpt":{"rendered":"","protected":false},"author":1,"featured_media":16297,"comment_status":"closed","ping_status":"closed","sticky":false,"template":"","format":"standard","meta":{"footnotes":""},"categories":[7,2],"tags":[],"class_list":["post-16293","post","type-post","status-publish","format-standard","has-post-thumbnail","hentry","category-cofecon-na-midia","category-noticias"],"_links":{"self":[{"href":"https:\/\/cofecon.org.br\/cofecon\/index.php?rest_route=\/wp\/v2\/posts\/16293"}],"collection":[{"href":"https:\/\/cofecon.org.br\/cofecon\/index.php?rest_route=\/wp\/v2\/posts"}],"about":[{"href":"https:\/\/cofecon.org.br\/cofecon\/index.php?rest_route=\/wp\/v2\/types\/post"}],"author":[{"embeddable":true,"href":"https:\/\/cofecon.org.br\/cofecon\/index.php?rest_route=\/wp\/v2\/users\/1"}],"replies":[{"embeddable":true,"href":"https:\/\/cofecon.org.br\/cofecon\/index.php?rest_route=%2Fwp%2Fv2%2Fcomments&post=16293"}],"version-history":[{"count":0,"href":"https:\/\/cofecon.org.br\/cofecon\/index.php?rest_route=\/wp\/v2\/posts\/16293\/revisions"}],"wp:featuredmedia":[{"embeddable":true,"href":"https:\/\/cofecon.org.br\/cofecon\/index.php?rest_route=\/wp\/v2\/media\/16297"}],"wp:attachment":[{"href":"https:\/\/cofecon.org.br\/cofecon\/index.php?rest_route=%2Fwp%2Fv2%2Fmedia&parent=16293"}],"wp:term":[{"taxonomy":"category","embeddable":true,"href":"https:\/\/cofecon.org.br\/cofecon\/index.php?rest_route=%2Fwp%2Fv2%2Fcategories&post=16293"},{"taxonomy":"post_tag","embeddable":true,"href":"https:\/\/cofecon.org.br\/cofecon\/index.php?rest_route=%2Fwp%2Fv2%2Ftags&post=16293"}],"curies":[{"name":"wp","href":"https:\/\/api.w.org\/{rel}","templated":true}]}}