{"id":16218,"date":"2021-11-12T14:33:54","date_gmt":"2021-11-12T17:33:54","guid":{"rendered":"https:\/\/www.cofecon.org.br\/?p=16218"},"modified":"2021-11-12T14:33:54","modified_gmt":"2021-11-12T17:33:54","slug":"inscricoes-abertas-para-oficina-gratuita-de-mediacao-e-arbitragem","status":"publish","type":"post","link":"https:\/\/cofecon.org.br\/cofecon\/?p=16218","title":{"rendered":"Inscri\u00e7\u00f5es abertas para oficina gratuita de Media\u00e7\u00e3o e Arbitragem"},"content":{"rendered":"\n<p>A partir da pr\u00f3xima semana, economistas e estudantes de economia poder\u00e3o participar gratuitamente da Oficina de Media\u00e7\u00e3o e Arbitragem, organizada pelas Comiss\u00f5es de Educa\u00e7\u00e3o e de Per\u00edcia Econ\u00f4mico-Financeira e Arbitragem do Conselho Federal de Economia e ministrada pela economista Angeliz Suckow. As inscri\u00e7\u00f5es podem ser feitas gratuitamente pelo <a href=\"https:\/\/cofecon.org\/ead\/\"><span style=\"text-decoration: underline;\"><strong>portal EAD<\/strong><\/span><\/a> do Conselho.<\/p>\n<p>Os encontros acontecem, ao vivo, nos dias 16, 23, 30\/11 e 7\/12, sempre \u00e0s 17h, com transmiss\u00f5es pelo canal do <a href=\"https:\/\/youtu.be\/5_R0JiqB7x4\"><strong><span style=\"text-decoration: underline;\">Youtube do Cofecon<\/span><\/strong><\/a>. Ao final dos 4 encontros, os participantes receber\u00e3o o Certificado de Participa\u00e7\u00e3o diretamente por e-mail.<\/p>\n<p>Ao longo das 4 semanas, os participantes ir\u00e3o ser apresentados \u00e0 media\u00e7\u00e3o e como ela pode se tornar um diferencial profissional para os economistas. Al\u00e9m disso, ser\u00e3o apresentadas as diferen\u00e7as entre os m\u00e9todos adversariais e n\u00e3o adversariais de resolu\u00e7\u00e3o de conflitos, os conceitos de media\u00e7\u00e3o e as principais aplica\u00e7\u00f5es da media\u00e7\u00e3o.<\/p>\n<p>A primeira aula (16\/11) tratar\u00e1 da Media\u00e7\u00e3o como diferencial para o Economista, abordando desde conceitos b\u00e1sicos at\u00e9 alternativas para resolu\u00e7\u00e3o de conflitos, estat\u00edsticas sobre os m\u00e9todos alternativos de resolu\u00e7\u00e3o de conflitos, mercado de trabalho para o mediador, atribui\u00e7\u00f5es do economista na medi\u00e7\u00e3o, entre outros temas.<\/p>\n<p>O segundo encontro (23\/11) apresentar\u00e1 conceitos da media\u00e7\u00e3o, seus pressupostos, objetivos, vantagens, limites, fun\u00e7\u00f5es do mediador, aplica\u00e7\u00e3o da media\u00e7\u00e3o, papel do mediador, tomada de decis\u00f5es em media\u00e7\u00e3o, e como o economista pode usar a media\u00e7\u00e3o como campo de atua\u00e7\u00e3o profissional.<\/p>\n<p>J\u00e1 na terceira aula (30\/11) ser\u00e1 abordada a media\u00e7\u00e3o na pr\u00e1tica. Nesse encontro, alguns conceitos ser\u00e3o retomados e aplicados para aproximar ainda mais os participantes e a \u00e1rea de atua\u00e7\u00e3o apresentada.<\/p>\n<p>O \u00faltimo encontro (7\/12) ir\u00e1 colocar na mesa o que o economista deve saber sobre arbitragem, incluindo princ\u00edpios e fundamentos, conven\u00e7\u00f5es, leis, senten\u00e7as, e o mercado de trabalho para o economista nessa \u00e1rea.<\/p>\n<p><strong>Nossa convidada<\/strong><\/p>\n<p>A Oficina de Media\u00e7\u00e3o e Arbitragem ser\u00e1 ministrada pela economista Angeliz Suckow. Formada pela Universidade Federal do Paran\u00e1, Angeliz tem especializa\u00e7\u00e3o em Gest\u00e3o de Projetos pela FGV e \u00e9 certificada pelo Project Management Institut. A economista \u00e9 vice-presidente do Instituto de Media\u00e7\u00e3o e Arbitragem do Paran\u00e1 (IMA), mediadora e conciliadora judicial (Nupecec \u2013 TJPR), mediadora e \u00e1rbitra credenciada da Federa\u00e7\u00e3o das Associa\u00e7\u00f5es Comerciais e Empresariais do Paran\u00e1, fundadora do N\u00facleo de media\u00e7\u00e3o e arbitragem do Corecon-PR, al\u00e9m de professora de cursos de extens\u00e3o e p\u00f3s-gradua\u00e7\u00e3o na \u00e1rea de media\u00e7\u00e3o e gest\u00e3o estrat\u00e9gica.<\/p>\n<p><strong>EAD Cofecon<\/strong><\/p>\n<p>A Escola de Educa\u00e7\u00e3o a Dist\u00e2ncia do Cofecon \u00e9 um projeto da Comiss\u00e3o de Educa\u00e7\u00e3o, coordenada pela vice-presidente Denise Kassama, com o objetivo de qualificar a forma\u00e7\u00e3o profissional dos economistas brasileiros. Em dois anos de exist\u00eancia, a plataforma EAD do Cofecon j\u00e1 ofertou 13 oficinas e registrou mais de dois mil usu\u00e1rios. Entre os temas j\u00e1 trabalhados, est\u00e3o: Neg\u00f3cios Sustent\u00e1veis, Economia de Baixo Carbono, Economia Solid\u00e1ria, entre outros assuntos concernentes \u00e0s \u00e1reas de atua\u00e7\u00e3o dos economistas.<\/p>\n<p>A Oficina de Media\u00e7\u00e3o e Arbitragem \u00e9 uma iniciativa da Comiss\u00e3o de Per\u00edcia Econ\u00f4mico-Financeira, Media\u00e7\u00e3o e Arbitragem do Cofecon, coordenada pela conselheira federal Maria de F\u00e1tima Miranda. A Comiss\u00e3o tem se empenhado em promover a divulga\u00e7\u00e3o \u00e1rea, realizando palestras e inserindo o assunto nos grandes eventos do Sistema Cofecon\/Corecons. A inten\u00e7\u00e3o \u00e9 capacitar estudantes de Ci\u00eancias Econ\u00f4micas e economistas para atuarem na fun\u00e7\u00e3o de perito.<\/p>\n<p>Clique <a href=\"https:\/\/youtu.be\/5_R0JiqB7x4\"><span style=\"text-decoration: underline;\"><strong>aqui<\/strong> <\/span><\/a>para acessar o endere\u00e7o da oficina no YouTube e ativar um lembrete!<\/p>\n<p>Participe!<\/p>\n<p><strong>Onde se inscrever?<\/strong><br \/>www.cofecon.org.br\/ead<br \/><br \/><strong>Quem pode se inscrever?<\/strong><br \/>Qualquer pessoa interessada no assunto pode realizar a inscri\u00e7\u00e3o, n\u00e3o \u00e9 necess\u00e1rio ser economista ou estudante da \u00e1rea.<br \/><br \/><strong>Qual o n\u00famero de horas previstas para a Oficina?<\/strong><br \/>Quatro horas, ao todo. Uma hora por aula.<br \/><br \/><strong>A Oficina oferece certificado?<\/strong><br \/>Sim, para os alunos que visualizarem os materiais dispon\u00edveis na plataforma, ap\u00f3s cada aula. O certificado \u00e9 enviado para os participantes inscritos, que acessarem o material que estar\u00e1 dispon\u00edvel at\u00e9 o dia 05 de fevereiro. Os certificados ser\u00e3o enviados para o e-mail cadastrado at\u00e9 15 dias depois do acesso \u00e0s aulas e ao material espec\u00edfico de cada encontro.<br \/><br \/><strong>Posso fazer a inscri\u00e7\u00e3o e ter acesso \u00e0 certifica\u00e7\u00e3o mesmo ap\u00f3s o evento?<\/strong><br \/>Sim, durante 60 dias o material da oficina ficar\u00e1 dispon\u00edvel na plataforma EAD do Cofecon e, nesse per\u00edodo, as inscri\u00e7\u00f5es seguem abertas, com direito \u00e0 certifica\u00e7\u00e3o. Depois de 05 de fevereiro os v\u00eddeos continuar\u00e3o no YouTube, mas n\u00e3o haver\u00e1 emiss\u00e3o de certificado.<br \/><br \/><strong>As aulas ficam dispon\u00edveis por quanto tempo?<\/strong><br \/>Estar\u00e3o sempre dispon\u00edveis no YouTube do Cofecon e por 60 dias tamb\u00e9m na plataforma EAD do Cofecon.<br \/><br \/><strong>Como as aulas s\u00e3o apresentadas: ao vivo ou gravadas?<\/strong><br \/>Todas as aulas s\u00e3o ao vivo, com transmiss\u00e3o pelo YouTube do Cofecon e, posteriormente, inseridas tamb\u00e9m na plataforma EAD do Cofecon.<br \/><br \/><strong>E material de apoio, como funciona?<\/strong><br \/>O curso \u00e9 introdut\u00f3rio e tem o objetivo de apresentar uma nova \u00e1rea de atua\u00e7\u00e3o para os economistas. Todo material \u00e9 disponibilizado na plataforma EAD e a emiss\u00e3o de certificados est\u00e1 atrelada a visualiza\u00e7\u00e3o e download do material.<br \/><br \/><strong>E se eu perder alguma das aulas?<\/strong><br \/>Fique tranquilo! Temos todos os v\u00eddeos dispon\u00edveis permanentemente no YouTube, al\u00e9m da plataforma EAD do Cofecon, onde ficar\u00e3o acess\u00edveis por 60 dias.<\/p>\n","protected":false},"excerpt":{"rendered":"","protected":false},"author":1,"featured_media":16219,"comment_status":"closed","ping_status":"closed","sticky":false,"template":"","format":"standard","meta":{"footnotes":""},"categories":[2],"tags":[],"class_list":["post-16218","post","type-post","status-publish","format-standard","has-post-thumbnail","hentry","category-noticias"],"_links":{"self":[{"href":"https:\/\/cofecon.org.br\/cofecon\/index.php?rest_route=\/wp\/v2\/posts\/16218"}],"collection":[{"href":"https:\/\/cofecon.org.br\/cofecon\/index.php?rest_route=\/wp\/v2\/posts"}],"about":[{"href":"https:\/\/cofecon.org.br\/cofecon\/index.php?rest_route=\/wp\/v2\/types\/post"}],"author":[{"embeddable":true,"href":"https:\/\/cofecon.org.br\/cofecon\/index.php?rest_route=\/wp\/v2\/users\/1"}],"replies":[{"embeddable":true,"href":"https:\/\/cofecon.org.br\/cofecon\/index.php?rest_route=%2Fwp%2Fv2%2Fcomments&post=16218"}],"version-history":[{"count":0,"href":"https:\/\/cofecon.org.br\/cofecon\/index.php?rest_route=\/wp\/v2\/posts\/16218\/revisions"}],"wp:featuredmedia":[{"embeddable":true,"href":"https:\/\/cofecon.org.br\/cofecon\/index.php?rest_route=\/wp\/v2\/media\/16219"}],"wp:attachment":[{"href":"https:\/\/cofecon.org.br\/cofecon\/index.php?rest_route=%2Fwp%2Fv2%2Fmedia&parent=16218"}],"wp:term":[{"taxonomy":"category","embeddable":true,"href":"https:\/\/cofecon.org.br\/cofecon\/index.php?rest_route=%2Fwp%2Fv2%2Fcategories&post=16218"},{"taxonomy":"post_tag","embeddable":true,"href":"https:\/\/cofecon.org.br\/cofecon\/index.php?rest_route=%2Fwp%2Fv2%2Ftags&post=16218"}],"curies":[{"name":"wp","href":"https:\/\/api.w.org\/{rel}","templated":true}]}}