{"id":1621,"date":"2016-11-28T13:47:56","date_gmt":"2016-11-28T15:47:56","guid":{"rendered":"http:\/\/www.cofecon.org.br\/?p=1621"},"modified":"2016-11-28T13:47:56","modified_gmt":"2016-11-28T15:47:56","slug":"cofecon-realizou-674a-sessao-plenaria","status":"publish","type":"post","link":"https:\/\/cofecon.org.br\/cofecon\/?p=1621","title":{"rendered":"Cofecon realizou 674\u00aa Sess\u00e3o Plen\u00e1ria"},"content":{"rendered":"<p style=\"text-align: justify;\"><img loading=\"lazy\" decoding=\"async\" class=\"alignleft\" src=\"http:\/\/www.cofecon.org.br\/images\/stories\/2016\/674.jpg\" alt=\"674\" width=\"300\" height=\"171\" \/>Nos dias 26 e 27 de novembro o Conselho Federal de Economia realizou sua 674\u00aa Sess\u00e3o Plen\u00e1ria ordin\u00e1ria. O evento teve lugar na sede do Conselho Regional de Economia do Rio de Janeiro (Corecon-RJ).<\/p>\n<p>Entre as decis\u00f5es tomadas est\u00e3o a homologa\u00e7\u00e3o dos resultados do Desafio Quero Ser Economista, realizado na internet durante os meses de setembro e outubro com a participa\u00e7\u00e3o de mais de 400 alunos do ensino m\u00e9dio. Tamb\u00e9m foram escolhidos os ganhadores dos pr\u00eamios Personalidade Econ\u00f4mica do Ano e Destaque Econ\u00f4mico, que ser\u00e3o divulgados oportunamente.<\/p>\n<p>O plen\u00e1rio do Cofecon tamb\u00e9m apreciou os processos eleitorais dos Conselhos Regionais de Economia, que tiveram suas elei\u00e7\u00f5es realizadas nos \u00faltimos dias de outubro; e a Comiss\u00e3o de Tomada de Contas analisou 25 processos entre balancetes e presta\u00e7\u00f5es de contas.<\/p>\n<p>A pr\u00f3xima sess\u00e3o plen\u00e1ria \u2013 a \u00faltima de 2016 \u2013 acontecer\u00e1 no dia 03 de dezembro, em Bras\u00edlia.<\/p>\n","protected":false},"excerpt":{"rendered":"<p>Nos dias 26 e 27 de novembro o Conselho Federal de Economia realizou sua 674\u00aa Sess\u00e3o Plen\u00e1ria ordin\u00e1ria. O evento teve lugar na sede do Conselho Regional de Economia do Rio de Janeiro (Corecon-RJ). Entre as decis\u00f5es tomadas est\u00e3o a<\/p>\n<p><a class=\"more-link\" href=\"https:\/\/cofecon.org.br\/cofecon\/?p=1621\">Leia Mais<\/a><\/p>\n","protected":false},"author":1,"featured_media":0,"comment_status":"open","ping_status":"open","sticky":false,"template":"","format":"standard","meta":{"footnotes":""},"categories":[2],"tags":[],"class_list":["post-1621","post","type-post","status-publish","format-standard","hentry","category-noticias"],"_links":{"self":[{"href":"https:\/\/cofecon.org.br\/cofecon\/index.php?rest_route=\/wp\/v2\/posts\/1621"}],"collection":[{"href":"https:\/\/cofecon.org.br\/cofecon\/index.php?rest_route=\/wp\/v2\/posts"}],"about":[{"href":"https:\/\/cofecon.org.br\/cofecon\/index.php?rest_route=\/wp\/v2\/types\/post"}],"author":[{"embeddable":true,"href":"https:\/\/cofecon.org.br\/cofecon\/index.php?rest_route=\/wp\/v2\/users\/1"}],"replies":[{"embeddable":true,"href":"https:\/\/cofecon.org.br\/cofecon\/index.php?rest_route=%2Fwp%2Fv2%2Fcomments&post=1621"}],"version-history":[{"count":0,"href":"https:\/\/cofecon.org.br\/cofecon\/index.php?rest_route=\/wp\/v2\/posts\/1621\/revisions"}],"wp:attachment":[{"href":"https:\/\/cofecon.org.br\/cofecon\/index.php?rest_route=%2Fwp%2Fv2%2Fmedia&parent=1621"}],"wp:term":[{"taxonomy":"category","embeddable":true,"href":"https:\/\/cofecon.org.br\/cofecon\/index.php?rest_route=%2Fwp%2Fv2%2Fcategories&post=1621"},{"taxonomy":"post_tag","embeddable":true,"href":"https:\/\/cofecon.org.br\/cofecon\/index.php?rest_route=%2Fwp%2Fv2%2Ftags&post=1621"}],"curies":[{"name":"wp","href":"https:\/\/api.w.org\/{rel}","templated":true}]}}