{"id":16071,"date":"2021-10-29T09:30:00","date_gmt":"2021-10-29T12:30:00","guid":{"rendered":"https:\/\/www.cofecon.org.br\/?p=16071"},"modified":"2021-10-29T09:30:00","modified_gmt":"2021-10-29T12:30:00","slug":"a-grande-transicao-e-a-do-conhecimento-mas-a-sociedade-brasileira-nao-valoriza-o-conhecimento-sergio-besserman-vianna","status":"publish","type":"post","link":"https:\/\/cofecon.org.br\/cofecon\/?p=16071","title":{"rendered":"\u201cA grande transi\u00e7\u00e3o \u00e9 a do conhecimento. Mas a sociedade brasileira n\u00e3o valoriza o conhecimento.\u201d &#8211; S\u00e9rgio Besserman Vianna"},"content":{"rendered":"<p>S\u00e9rgio Besserman Vianna, presidente do Instituto de Pesquisas Jardim Bot\u00e2nico (RJ) e ex-presidente do Instituto Brasileiro de Geografia e Estat\u00edstica, participou na discuss\u00e3o baseada no filme A Bolsa ou a Vida e no livro \u201cCelso Furtado, 100 anos: pensamento e a\u00e7\u00e3o\u201d promovido pelo Cofecon.<\/p>\n<p>Questionado se seguir na dire\u00e7\u00e3o de uma economia verde \u00e9 um custo ou uma oportunidade, Besserman iniciou dizendo que h\u00e1 um custo de transi\u00e7\u00e3o, mas que \u00e9, sem d\u00favida, uma gigantesca oportunidade. \u201cE o Brasil tem a sorte de ter um atalho, uma ponte para essa economia: a transi\u00e7\u00e3o para o baixo carbono. Se o mundo resolve enfrentar a crise clim\u00e1tica, o Brasil, por raz\u00f5es muito concretas, sai em vantagem\u201d, argumentou o economista.<\/p>\n<p>Ao falar sobre a import\u00e2ncia da educa\u00e7\u00e3o, Besserman trouxe dados do exame PISA. \u201cA grande transi\u00e7\u00e3o \u00e9 a do conhecimento. Muita gente reduz isso a uma educa\u00e7\u00e3o de alta qualidade, p\u00fablica. Isso \u00e9 essencial, porque neste caso s\u00e3o pessoas que n\u00e3o t\u00eam liberdade de escolha. Mas a sociedade brasileira n\u00e3o valoriza o conhecimento\u201d, afirmou. \u201cConhecimento nunca fez parte da competi\u00e7\u00e3o no Brasil. O sujeito ganhava uma sesmaria se fosse amigo do rei de Portugal. Ganhava n\u00e3o sei o que se fosse amigo do imperador, depois na Rep\u00fablica Velha e continuamos at\u00e9 dias muito recentes. Aqui a desigualdade \u00e9 t\u00e3o grande que a elite n\u00e3o precisou de conhecimento\u201d.<\/p>\n<p>Ao falar sobre os desafios trazidos pela crise clim\u00e1tica, Besserman v\u00ea oportunidades para o Brasil na transi\u00e7\u00e3o para uma economia de baixo carbono. \u201cPodemos ser o primeiro pa\u00eds do mundo a encontrar uma forma de desenvolvimento sustent\u00e1vel com a floresta tropical. E n\u00e3o existe pa\u00eds em que seja t\u00e3o barato possuir uma matriz energ\u00e9tica n\u00e3o emissora de gases poluentes\u201d, comenta. \u201cMas a nossa infraestrutura \u00e9 custo Brasil na veia. Os outros pa\u00edses v\u00e3o ter que mudar sua infraestrutura de f\u00f3ssil para verde. N\u00f3s? N\u00f3s vamos ter que mudar nossa infraestrutura de qualquer maneira\u201d.<\/p>\n<p>Um dos papeis essenciais do Cofecon \u00e9 promover o amplo e sadio debate econ\u00f4mico, sendo refer\u00eancia como entidade profissional que contribui de forma decisiva para o desenvolvimento econ\u00f4mico com justi\u00e7a social.<\/p>\n<p>O debate pode ser assistido no v\u00eddeo abaixo:<\/p>\n<p><iframe loading=\"lazy\" title=\"YouTube video player\" src=\"\/\/www.youtube.com\/embed\/vRW_Zkhq56g\" width=\"560\" height=\"315\" frameborder=\"0\" allowfullscreen=\"allowfullscreen\"><\/iframe><\/p>\n<p>O filme A Bolsa ou a Vida est\u00e1 dispon\u00edvel no canal da Caliban no YouTube, no seguinte link: <a href=\"https:\/\/youtu.be\/N2ERnOk57Z4\">https:\/\/youtu.be\/N2ERnOk57Z4<\/a><\/p>\n<p>Resenha do livro Celso Furtado, 100 anos: pensamento e a\u00e7\u00e3o: <a href=\"https:\/\/www.cofecon.org.br\/2021\/04\/15\/centenario-de-celso-furtado-e-comemorado-com-lancamento-de-livro\/\">https:\/\/www.cofecon.org.br\/2021\/04\/15\/centenario-de-celso-furtado-e-comemorado-com-lancamento-de-livro\/<\/a><\/p>\n","protected":false},"excerpt":{"rendered":"<p>S\u00e9rgio Besserman Vianna, presidente do Instituto de Pesquisas Jardim Bot\u00e2nico (RJ) e ex-presidente do Instituto Brasileiro de Geografia e Estat\u00edstica, participou na discuss\u00e3o baseada no filme A Bolsa ou a Vida e no livro \u201cCelso Furtado, 100 anos: pensamento e<\/p>\n<p><a class=\"more-link\" href=\"https:\/\/cofecon.org.br\/cofecon\/?p=16071\">Leia Mais<\/a><\/p>\n","protected":false},"author":1,"featured_media":16072,"comment_status":"closed","ping_status":"closed","sticky":false,"template":"","format":"standard","meta":{"footnotes":""},"categories":[27,2],"tags":[],"class_list":["post-16071","post","type-post","status-publish","format-standard","has-post-thumbnail","hentry","category-acoes-da-presidencia-lacerda","category-noticias"],"_links":{"self":[{"href":"https:\/\/cofecon.org.br\/cofecon\/index.php?rest_route=\/wp\/v2\/posts\/16071"}],"collection":[{"href":"https:\/\/cofecon.org.br\/cofecon\/index.php?rest_route=\/wp\/v2\/posts"}],"about":[{"href":"https:\/\/cofecon.org.br\/cofecon\/index.php?rest_route=\/wp\/v2\/types\/post"}],"author":[{"embeddable":true,"href":"https:\/\/cofecon.org.br\/cofecon\/index.php?rest_route=\/wp\/v2\/users\/1"}],"replies":[{"embeddable":true,"href":"https:\/\/cofecon.org.br\/cofecon\/index.php?rest_route=%2Fwp%2Fv2%2Fcomments&post=16071"}],"version-history":[{"count":0,"href":"https:\/\/cofecon.org.br\/cofecon\/index.php?rest_route=\/wp\/v2\/posts\/16071\/revisions"}],"wp:featuredmedia":[{"embeddable":true,"href":"https:\/\/cofecon.org.br\/cofecon\/index.php?rest_route=\/wp\/v2\/media\/16072"}],"wp:attachment":[{"href":"https:\/\/cofecon.org.br\/cofecon\/index.php?rest_route=%2Fwp%2Fv2%2Fmedia&parent=16071"}],"wp:term":[{"taxonomy":"category","embeddable":true,"href":"https:\/\/cofecon.org.br\/cofecon\/index.php?rest_route=%2Fwp%2Fv2%2Fcategories&post=16071"},{"taxonomy":"post_tag","embeddable":true,"href":"https:\/\/cofecon.org.br\/cofecon\/index.php?rest_route=%2Fwp%2Fv2%2Ftags&post=16071"}],"curies":[{"name":"wp","href":"https:\/\/api.w.org\/{rel}","templated":true}]}}