{"id":1576,"date":"2016-10-19T12:55:56","date_gmt":"2016-10-19T14:55:56","guid":{"rendered":"http:\/\/www.cofecon.org.br\/?p=1576"},"modified":"2016-10-19T12:55:56","modified_gmt":"2016-10-19T14:55:56","slug":"gt-mulher-economista-promove-acoes-de-conscientizacao-sobre-o-cancer-de-mama","status":"publish","type":"post","link":"https:\/\/cofecon.org.br\/cofecon\/?p=1576","title":{"rendered":"GT Mulher Economista promove a\u00e7\u00f5es de conscientiza\u00e7\u00e3o sobre o c\u00e2ncer de mama"},"content":{"rendered":"<p style=\"text-align: justify;\"><img loading=\"lazy\" decoding=\"async\" class=\"size-medium wp-image-1577 alignleft\" src=\"http:\/\/www.cofecon.org.br\/wp-content\/uploads\/2017\/06\/140-300x225.jpg\" alt=\"\" width=\"300\" height=\"225\" srcset=\"https:\/\/cofecon.org.br\/cofecon\/wp-content\/uploads\/2017\/06\/140-300x225.jpg 300w, https:\/\/cofecon.org.br\/cofecon\/wp-content\/uploads\/2017\/06\/140-400x300.jpg 400w, https:\/\/cofecon.org.br\/cofecon\/wp-content\/uploads\/2017\/06\/140.jpg 656w\" sizes=\"(max-width: 300px) 100vw, 300px\" \/>Durante o m\u00eas de outubro, o mundo inteiro volta suas aten\u00e7\u00f5es \u00e0 preven\u00e7\u00e3o do c\u00e2ncer de mama, com a\u00e7\u00f5es para promover a conscientiza\u00e7\u00e3o sobre a import\u00e2ncia da detec\u00e7\u00e3o precoce da doen\u00e7a. Em aten\u00e7\u00e3o \u00e0 campanha global, o Grupo de Trabalho Mulher Economista realizou, no dia 20 de outubro, \u00e0s 19h, um evento na sede do Conselho Federal de Economia com o objetivo de difundir informa\u00e7\u00f5es sobre preven\u00e7\u00e3o do c\u00e2ncer de mama. No evento, o mastologista Dr. Gustavo Gouveia, do Instituto do C\u00e2ncer de Bras\u00edlia, falou sobre preven\u00e7\u00e3o \u00e0 doen\u00e7a e esclareceu d\u00favidas dos presentes.<\/p>\n<p style=\"text-align: justify;\">O presidente do Cofecon, J\u00falio Miragaya, prestigiou o evento, coordenado pela presidente do Corecon-DF, Maria Cristina Ara\u00fajo, e pela conselheira federal e coordenadora do Grupo de Trabalho Mulher Economista, Bianca Andrade.<\/p>\n<p style=\"text-align: justify;\"><strong>Corecon-RN<br \/>\n <\/strong><\/p>\n<p style=\"text-align: justify;\">Em Natal, o Conselho Regional de Economia do Rio Grande do Norte (Corecon-RN), em parceria com a Secretaria Municipal de Sa\u00fade de Natal, participa da campanha Outubro Rosa e contribui com a divulga\u00e7\u00e3o dos servi\u00e7os e locais de atendimento ao exame de mamografia que s\u00e3o oferecidos gratuitamente \u00e0 popula\u00e7\u00e3o. Confira o calend\u00e1rio abaixo:<\/p>\n<p style=\"text-align: justify;\"><img loading=\"lazy\" decoding=\"async\" class=\"alignnone size-medium wp-image-1578\" src=\"http:\/\/www.cofecon.org.br\/wp-content\/uploads\/2017\/06\/141-240x300.jpg\" alt=\"\" width=\"240\" height=\"300\" srcset=\"https:\/\/cofecon.org.br\/cofecon\/wp-content\/uploads\/2017\/06\/141-240x300.jpg 240w, https:\/\/cofecon.org.br\/cofecon\/wp-content\/uploads\/2017\/06\/141.jpg 614w\" sizes=\"(max-width: 240px) 100vw, 240px\" \/><\/p>\n<p style=\"text-align: justify;\"><strong>Sobre Outubro Rosa<\/strong><br \/>\n A campanha \u00e9 um movimento internacional que tem como objetivo principal estimular \u00e0 luta contra o c\u00e2ncer de mama. Teve in\u00edcio em 1997, nos Estados Unidos, e\u00a0 ganhou o mundo como uma forma de conscientiza\u00e7\u00e3o acerca da import\u00e2ncia de um diagn\u00f3stico precoce e de alerta para a grande quantidade de mortes relacionadas com essa doen\u00e7a.<\/p>\n<p style=\"text-align: justify;\">O s\u00edmbolo da campanha \u00e9 o la\u00e7o rosa, que foi lan\u00e7ado, inicialmente, pela Funda\u00e7\u00e3o Susan G. Komen e distribu\u00eddo na primeira corrida pela cura do c\u00e2ncer de mama em 1990. Esses la\u00e7os rosas popularizaram-se e foram usados posteriormente para enfeitar locais p\u00fablicos e outros eventos que lutavam por essa causa.<\/p>\n<p style=\"text-align: justify;\">Al\u00e9m do la\u00e7o rosa, muitas cidades passaram a iluminar os seus monumentos p\u00fablicos com luz rosa para dar maior destaque ao m\u00eas de luta contra a doen\u00e7a. No Brasil, o pa\u00e7o para aderir ao\u00a0 movimento foi dado em outubro de 2002, quando o monumento Mausol\u00e9u do Soldado Constitucionalista, tamb\u00e9m chamado de Obelisco do Ibirapuera, em S\u00e3o Paulo, foi iluminado de rosa. Em outubro de 2008, o movimento ganhou for\u00e7a e v\u00e1rias cidades brasileiras foram iluminadas como uma forma de chamar a aten\u00e7\u00e3o para a causa.<\/p>\n","protected":false},"excerpt":{"rendered":"<p>Durante o m\u00eas de outubro, o mundo inteiro volta suas aten\u00e7\u00f5es \u00e0 preven\u00e7\u00e3o do c\u00e2ncer de mama, com a\u00e7\u00f5es para promover a conscientiza\u00e7\u00e3o sobre a import\u00e2ncia da detec\u00e7\u00e3o precoce da doen\u00e7a. Em aten\u00e7\u00e3o \u00e0 campanha global, o Grupo de Trabalho<\/p>\n<p><a class=\"more-link\" href=\"https:\/\/cofecon.org.br\/cofecon\/?p=1576\">Leia Mais<\/a><\/p>\n","protected":false},"author":1,"featured_media":0,"comment_status":"open","ping_status":"open","sticky":false,"template":"","format":"standard","meta":{"footnotes":""},"categories":[2],"tags":[],"class_list":["post-1576","post","type-post","status-publish","format-standard","hentry","category-noticias"],"_links":{"self":[{"href":"https:\/\/cofecon.org.br\/cofecon\/index.php?rest_route=\/wp\/v2\/posts\/1576"}],"collection":[{"href":"https:\/\/cofecon.org.br\/cofecon\/index.php?rest_route=\/wp\/v2\/posts"}],"about":[{"href":"https:\/\/cofecon.org.br\/cofecon\/index.php?rest_route=\/wp\/v2\/types\/post"}],"author":[{"embeddable":true,"href":"https:\/\/cofecon.org.br\/cofecon\/index.php?rest_route=\/wp\/v2\/users\/1"}],"replies":[{"embeddable":true,"href":"https:\/\/cofecon.org.br\/cofecon\/index.php?rest_route=%2Fwp%2Fv2%2Fcomments&post=1576"}],"version-history":[{"count":0,"href":"https:\/\/cofecon.org.br\/cofecon\/index.php?rest_route=\/wp\/v2\/posts\/1576\/revisions"}],"wp:attachment":[{"href":"https:\/\/cofecon.org.br\/cofecon\/index.php?rest_route=%2Fwp%2Fv2%2Fmedia&parent=1576"}],"wp:term":[{"taxonomy":"category","embeddable":true,"href":"https:\/\/cofecon.org.br\/cofecon\/index.php?rest_route=%2Fwp%2Fv2%2Fcategories&post=1576"},{"taxonomy":"post_tag","embeddable":true,"href":"https:\/\/cofecon.org.br\/cofecon\/index.php?rest_route=%2Fwp%2Fv2%2Ftags&post=1576"}],"curies":[{"name":"wp","href":"https:\/\/api.w.org\/{rel}","templated":true}]}}