{"id":1573,"date":"2016-10-18T12:54:10","date_gmt":"2016-10-18T14:54:10","guid":{"rendered":"http:\/\/www.cofecon.org.br\/?p=1573"},"modified":"2016-10-18T12:54:10","modified_gmt":"2016-10-18T14:54:10","slug":"inscricoes-abertas-para-seminario-internacional","status":"publish","type":"post","link":"https:\/\/cofecon.org.br\/cofecon\/?p=1573","title":{"rendered":"Inscri\u00e7\u00f5es abertas para Semin\u00e1rio Internacional"},"content":{"rendered":"<p style=\"text-align: justify;\"><img loading=\"lazy\" decoding=\"async\" class=\"size-medium wp-image-1574 alignleft\" src=\"http:\/\/www.cofecon.org.br\/wp-content\/uploads\/2017\/06\/138-300x179.png\" alt=\"\" width=\"300\" height=\"179\" srcset=\"https:\/\/cofecon.org.br\/cofecon\/wp-content\/uploads\/2017\/06\/138-300x179.png 300w, https:\/\/cofecon.org.br\/cofecon\/wp-content\/uploads\/2017\/06\/138.png 600w\" sizes=\"(max-width: 300px) 100vw, 300px\" \/>O Conselho Federal de Economia (Cofecon), o Conselho Regional de Economia do Rio de Janeiro (Corecon-RJ) e a Associa\u00e7\u00e3o dos Economistas da Am\u00e9rica Latina e Caribe (AEALC) promovem, nos dias 28 e 29 de novembro, o Semin\u00e1rio Internacional Modelo de Desenvolvimento para a Am\u00e9rica Latina e Caribe. O evento ser\u00e1 realizado no Teatro do BNDES, localizado no Rio de Janeiro. As inscri\u00e7\u00f5es s\u00e3o gratuitas e devem ser realizadas pelo site <u><a href=\"http:\/\/www.corecon-rj.org.br\/seminario\">www.corecon-rj.org.br\/seminario<\/a><\/u><\/p>\n<p style=\"text-align: justify;\">A abertura do Semin\u00e1rio ser\u00e1 feita pelo economista chileno e professor em Cambridge, doutor Gabriel Palma, que falar\u00e1 sobre \u201cDesenvolvimento\u201d, em palestra das 10h \u00e0s 12h. Na sequ\u00eancia, das 12h \u00e0s 14h, o economista colombiano Ruben D. Utria e os brasileiros Antonio Corr\u00eaa de Lacerda e Ricardo Bielschowsky discutem \u201cModelo de Desenvolvimento para a Am\u00e9rica Latina e Caribe\u201d. Ap\u00f3s a pausa para o almo\u00e7o, que ocorrer\u00e1 das 14h \u00e0s 15h30, haver\u00e1 um debate sobre \u201cIntegra\u00e7\u00e3o Regional na Am\u00e9rica Latina e Caribe\u201d, tema a ser apresentado pelo embaixador Samuel Pinheiro Guimar\u00e3es e pelo economista brasileiro Ricardo Ubiraci Sennes, coordenador do Grupo de An\u00e1lise da Conjuntura Internacional da Universidade de S\u00e3o Paulo (Gacind\/USP).<\/p>\n<p style=\"text-align: justify;\">O primeiro debate do dia 29 de novembro ser\u00e1 das 10h \u00e0s 12h e ter\u00e1 como tema \u201cEstado e Distribui\u00e7\u00e3o de Renda na Am\u00e9rica Latina e Caribe\u201d. Participam da discuss\u00e3o o economista argentino Ruben Lo Vuolo e os economistas brasileiros Marcio Pochmann e Eduardo Fagnani. Em seguida, das 12h \u00e0s 14h, ser\u00e1 debatido \u201cInfraestrutura voltada para o Desenvolvimento na Am\u00e9rica Latina e Caribe\u201d pelo economista brasileiro Arthur C\u00e9sar Vasconcelos Koblitz e pelo economista mexicano Jorge M\u00e1ttar. Por fim, das 15h30 \u00e0s 17h30, o embaixador Celso Amorim e o economista cubano Hugo M. Pons Duarte abordar\u00e3o \u201cImpactos da Geopol\u00edtica na Am\u00e9rica Latina e Caribe\u201d.<\/p>\n<p style=\"text-align: justify;\">O evento conta com o apoio das seguintes entidades latino-americanas e caribenhas: Colegio de Economistas Argentina; Associaci\u00f3n Nacional de Economistas e Contadores de Cuba; Colegio de Economistas Puerto Rico; Colegio de Economistas Guatemala; Colegio de Economistas Panam\u00e1; e Colegio de Economistas Republica Dominicana.<\/p>\n<p style=\"text-align: justify;\">Servi\u00e7o<br \/>\n Semin\u00e1rio Internacional Modelo de Desenvolvimento para a Am\u00e9rica Latina e Caribe<br \/>\n Data: 28 e 29 de novembro<br \/>\n Hor\u00e1rio: das 9h \u00e0s 17h30<br \/>\n Local: Teatro do BNDES \u2013 Av. Rep\u00fablica do Chile, 100 \u2013 T\u00e9rreo \u2013 Centro \u2013 Rio de Janeiro<br \/>\n Inscri\u00e7\u00f5es e mais informa\u00e7\u00f5es em <a href=\"http:\/\/www.corecon-rj.org.br\/seminario\">www.corecon-rj.org.br\/seminario<\/a><\/p>\n","protected":false},"excerpt":{"rendered":"<p>O Conselho Federal de Economia (Cofecon), o Conselho Regional de Economia do Rio de Janeiro (Corecon-RJ) e a Associa\u00e7\u00e3o dos Economistas da Am\u00e9rica Latina e Caribe (AEALC) promovem, nos dias 28 e 29 de novembro, o Semin\u00e1rio Internacional Modelo de<\/p>\n<p><a class=\"more-link\" href=\"https:\/\/cofecon.org.br\/cofecon\/?p=1573\">Leia Mais<\/a><\/p>\n","protected":false},"author":1,"featured_media":0,"comment_status":"open","ping_status":"open","sticky":false,"template":"","format":"standard","meta":{"footnotes":""},"categories":[2],"tags":[],"class_list":["post-1573","post","type-post","status-publish","format-standard","hentry","category-noticias"],"_links":{"self":[{"href":"https:\/\/cofecon.org.br\/cofecon\/index.php?rest_route=\/wp\/v2\/posts\/1573"}],"collection":[{"href":"https:\/\/cofecon.org.br\/cofecon\/index.php?rest_route=\/wp\/v2\/posts"}],"about":[{"href":"https:\/\/cofecon.org.br\/cofecon\/index.php?rest_route=\/wp\/v2\/types\/post"}],"author":[{"embeddable":true,"href":"https:\/\/cofecon.org.br\/cofecon\/index.php?rest_route=\/wp\/v2\/users\/1"}],"replies":[{"embeddable":true,"href":"https:\/\/cofecon.org.br\/cofecon\/index.php?rest_route=%2Fwp%2Fv2%2Fcomments&post=1573"}],"version-history":[{"count":0,"href":"https:\/\/cofecon.org.br\/cofecon\/index.php?rest_route=\/wp\/v2\/posts\/1573\/revisions"}],"wp:attachment":[{"href":"https:\/\/cofecon.org.br\/cofecon\/index.php?rest_route=%2Fwp%2Fv2%2Fmedia&parent=1573"}],"wp:term":[{"taxonomy":"category","embeddable":true,"href":"https:\/\/cofecon.org.br\/cofecon\/index.php?rest_route=%2Fwp%2Fv2%2Fcategories&post=1573"},{"taxonomy":"post_tag","embeddable":true,"href":"https:\/\/cofecon.org.br\/cofecon\/index.php?rest_route=%2Fwp%2Fv2%2Ftags&post=1573"}],"curies":[{"name":"wp","href":"https:\/\/api.w.org\/{rel}","templated":true}]}}