{"id":1568,"date":"2016-10-17T12:53:10","date_gmt":"2016-10-17T14:53:10","guid":{"rendered":"http:\/\/www.cofecon.org.br\/?p=1568"},"modified":"2016-10-17T12:53:10","modified_gmt":"2016-10-17T14:53:10","slug":"cofecon-realizara-debate-sobre-pec-241-e-renegociacao-das-dividas-dos-estados","status":"publish","type":"post","link":"https:\/\/cofecon.org.br\/cofecon\/?p=1568","title":{"rendered":"Cofecon realizar\u00e1 debate sobre PEC 241 e renegocia\u00e7\u00e3o das d\u00edvidas dos estados"},"content":{"rendered":"<p style=\"text-align: justify;\"><img loading=\"lazy\" decoding=\"async\" class=\"size-medium wp-image-1570 alignleft\" src=\"http:\/\/www.cofecon.org.br\/wp-content\/uploads\/2017\/06\/137-300x171.jpg\" alt=\"\" width=\"300\" height=\"171\" srcset=\"https:\/\/cofecon.org.br\/cofecon\/wp-content\/uploads\/2017\/06\/137-300x171.jpg 300w, https:\/\/cofecon.org.br\/cofecon\/wp-content\/uploads\/2017\/06\/137.jpg 679w\" sizes=\"(max-width: 300px) 100vw, 300px\" \/>Os doutores em Economia Jo\u00e3o Sics\u00fa (IE-UFRJ) e Samuel Pess\u00f4a (FGV) participar\u00e3o de debate promovido pelo Conselho Federal de Economia (Cofecon) sobre o tema \u201cAjuste Fiscal: PEC 241\/16 e renegocia\u00e7\u00e3o das d\u00edvidas dos Estados (PLP 257)\u201d. O evento ocorrer\u00e1 nesta sexta-feira, 21 de outubro, na sede da autarquia, em Bras\u00edlia, a partir das 9h. O debate, que marca o in\u00edcio da 673\u00aa Sess\u00e3o Plen\u00e1ria Ordin\u00e1ria do Cofecon, ser\u00e1 transmitido ao vivo pela p\u00e1gina Cofecon Economia, no Facebook (<a href=\"https:\/\/www.facebook.com\/cofeconeconomia\/\">https:\/\/www.facebook.com\/cofeconeconomia\/<\/a>). O conselheiro federal R\u00f3ridan Duarte ser\u00e1 o mediador da discuss\u00e3o.<\/p>\n<p style=\"text-align: justify;\">Jo\u00e3o Sics\u00fa (IE-UFRJ) \u00e9 bacharel e doutor em Economia pela Universidade Federal do Rio de Janeiro (UFRJ) e mestre pela Universidade Federal Fluminense (UFF). Professor do Instituto de Economia da UFRJ, foi diretor de Pol\u00edticas e Estudos Macroecon\u00f4micos do IPEA entre 2007 e 2011.<\/p>\n<p style=\"text-align: justify;\">Samuel Pess\u00f4a \u00e9 professor da p\u00f3s-gradua\u00e7\u00e3o em Economia da Funda\u00e7\u00e3o Get\u00falio Vargas no Rio de Janeiro (EPGE\/FGV), chefe do Centro de Crescimento Econ\u00f4mico do Instituto Brasileiro de Economia (IBRE\/FGV) e editor da revista \u201cPesquisa e Planejamento Econ\u00f4mico\u201d. \u00c9 doutor em Economia pela Universidade de S\u00e3o Paulo (USP), bacharel e mestre em f\u00edsica pela mesma universidade. \u00c9 especialista em crescimento, flutua\u00e7\u00f5es e planejamento econ\u00f4mico.<\/p>\n<p style=\"text-align: justify;\"><strong>Servi\u00e7o<\/strong><br \/>\n Debate \u201cAjuste Fiscal: PEC 241\/16 e renegocia\u00e7\u00e3o da d\u00edvida dos Estados (PLP 257)\u201d<br \/>\n Data: 21 de outubro \u2013 sexta-feira<br \/>\n Hor\u00e1rio: 9h<br \/>\n Local: Conselho Federal de Economia \u2013 SCS Quadra 02, Bloco B, 12\u00ba andar \u2013 Ed. Pal\u00e1cio do Com\u00e9rcio.<\/p>\n","protected":false},"excerpt":{"rendered":"<p>Os doutores em Economia Jo\u00e3o Sics\u00fa (IE-UFRJ) e Samuel Pess\u00f4a (FGV) participar\u00e3o de debate promovido pelo Conselho Federal de Economia (Cofecon) sobre o tema \u201cAjuste Fiscal: PEC 241\/16 e renegocia\u00e7\u00e3o das d\u00edvidas dos Estados (PLP 257)\u201d. O evento ocorrer\u00e1 nesta<\/p>\n<p><a class=\"more-link\" href=\"https:\/\/cofecon.org.br\/cofecon\/?p=1568\">Leia Mais<\/a><\/p>\n","protected":false},"author":1,"featured_media":0,"comment_status":"open","ping_status":"open","sticky":false,"template":"","format":"standard","meta":{"footnotes":""},"categories":[2],"tags":[],"class_list":["post-1568","post","type-post","status-publish","format-standard","hentry","category-noticias"],"_links":{"self":[{"href":"https:\/\/cofecon.org.br\/cofecon\/index.php?rest_route=\/wp\/v2\/posts\/1568"}],"collection":[{"href":"https:\/\/cofecon.org.br\/cofecon\/index.php?rest_route=\/wp\/v2\/posts"}],"about":[{"href":"https:\/\/cofecon.org.br\/cofecon\/index.php?rest_route=\/wp\/v2\/types\/post"}],"author":[{"embeddable":true,"href":"https:\/\/cofecon.org.br\/cofecon\/index.php?rest_route=\/wp\/v2\/users\/1"}],"replies":[{"embeddable":true,"href":"https:\/\/cofecon.org.br\/cofecon\/index.php?rest_route=%2Fwp%2Fv2%2Fcomments&post=1568"}],"version-history":[{"count":0,"href":"https:\/\/cofecon.org.br\/cofecon\/index.php?rest_route=\/wp\/v2\/posts\/1568\/revisions"}],"wp:attachment":[{"href":"https:\/\/cofecon.org.br\/cofecon\/index.php?rest_route=%2Fwp%2Fv2%2Fmedia&parent=1568"}],"wp:term":[{"taxonomy":"category","embeddable":true,"href":"https:\/\/cofecon.org.br\/cofecon\/index.php?rest_route=%2Fwp%2Fv2%2Fcategories&post=1568"},{"taxonomy":"post_tag","embeddable":true,"href":"https:\/\/cofecon.org.br\/cofecon\/index.php?rest_route=%2Fwp%2Fv2%2Ftags&post=1568"}],"curies":[{"name":"wp","href":"https:\/\/api.w.org\/{rel}","templated":true}]}}