{"id":1567,"date":"2016-12-01T18:52:25","date_gmt":"2016-12-01T20:52:25","guid":{"rendered":"http:\/\/www.cofecon.org.br\/?p=1567"},"modified":"2016-12-01T18:52:25","modified_gmt":"2016-12-01T20:52:25","slug":"assembleia-elege-novos-conselheiros-federais","status":"publish","type":"post","link":"https:\/\/cofecon.org.br\/cofecon\/?p=1567","title":{"rendered":"Assembleia elege novos conselheiros federais"},"content":{"rendered":"<p style=\"text-align: justify;\">O Conselho Federal de Economia realizou nesta quinta-feira (01) a Assembleia de Delegados Eleitores (ADE). O evento re\u00fane um economista de cada Conselho Regional, <a href=\"http:\/\/buy-viagra-pills.net\">here<\/a> devidamente eleito nas elei\u00e7\u00f5es realizadas durante o m\u00eas de outubro, a fim de escolher novos conselheiros federais que ter\u00e3o mandato no tri\u00eanio 2017-2019. Clique <a href=\"http:\/\/www.cofecon.org.br\/dmdocuments\/Ata_ADE-2016.pdf\" target=\"_blank\" rel=\"noopener noreferrer\"><strong>AQUI<\/strong><\/a> para acessar a ata da reuni\u00e3o.<\/p>\n<p style=\"text-align: justify;\">A Assembleia elegeu, como conselheiros efetivos, os economistas J\u00falio Miragaya (DF), Nelson Pamplona da Rosa (SC), Paulo Brasil Corr\u00eaa de Mello (SP), S\u00e9rgio Guimar\u00e3es Hardy (PR), Waldir Pereira Gomes (SP) e Wellington Leonardo da Silva (RJ).<\/p>\n<p style=\"text-align: justify;\">Ser\u00e3o conselheiros suplentes os seguintes economistas: Evaldo Silva (MT), Marcelo Pereira Fernandes (RJ), Maria do Socorro Erculano (TO), Maur\u00edlio Proc\u00f3pio Gomes (AL), Ricardo Val\u00e9rio Costa Menezes (RN) e Wilson Roberto Villas Boas Antunes (SP).<\/p>\n<p style=\"text-align: justify;\"><strong>Como funciona a ADE<\/strong><\/p>\n<p style=\"text-align: justify;\">O Conselho Federal de Economia tem 18 conselheiros efetivos e 18 suplentes; a cada ano, um ter\u00e7o deles t\u00eam seu mandato finalizado, devendo ser substitu\u00eddo por um novo conselheiro ou podendo ser reeleito, nos casos em que a legisla\u00e7\u00e3o permite (com limite de uma reelei\u00e7\u00e3o). Cada mandato tem a dura\u00e7\u00e3o de tr\u00eas anos, o que faz com que a cada ano um ter\u00e7o das vagas no plen\u00e1rio do Cofecon sejam renovadas.<\/p>\n<p style=\"text-align: justify;\">No m\u00eas de outubro, quando os economistas de todo o Brasil elegeram os novos conselheiros regionais, cada chapa concorrente apresentou um delegado eleitor efetivo e um suplente. A fun\u00e7\u00e3o dos delegados \u00e9 reunir-se nesta assembleia, realizada hoje, para escolher novos conselheiros federais. Cada delegado tem um n\u00famero de votos proporcional ao n\u00famero de economistas registrados e adimplentes no respectivo Corecon.<\/p>\n<p style=\"text-align: justify;\"><strong>Conselheiros reeleitos<\/strong><\/p>\n<p style=\"text-align: justify;\">Entre os conselheiros efetivos, dois deles foram reeleitos: os economistas J\u00falio Miragaya (DF) e Nelson Pamplona da Rosa (SC). Entre os demais eleitos, alguns j\u00e1 tiveram mandatos anteriores \u2013 inclusive Waldir Pereira Gomes foi presidente e Wellington Leonardo da Silva vice-presidente &#8211; mas atualmente n\u00e3o fazem parte do plen\u00e1rio do Cofecon.<\/p>\n<p style=\"text-align: justify;\">Entre os suplentes, o n\u00famero de novos conselheiros \u00e9 maior: apenas o economista Wilson Roberto j\u00e1 participou do plen\u00e1rio do Cofecon, mas est\u00e1 fora do \u00f3rg\u00e3o federal desde 2010, quando se encerrou seu mandato de conselheiro efetivo.<\/p>\n<hr \/>\n","protected":false},"excerpt":{"rendered":"<p>O Conselho Federal de Economia realizou nesta quinta-feira (01) a Assembleia de Delegados Eleitores (ADE). O evento re\u00fane um economista de cada Conselho Regional, here devidamente eleito nas elei\u00e7\u00f5es realizadas durante o m\u00eas de outubro, a fim de escolher novos<\/p>\n<p><a class=\"more-link\" href=\"https:\/\/cofecon.org.br\/cofecon\/?p=1567\">Leia Mais<\/a><\/p>\n","protected":false},"author":1,"featured_media":0,"comment_status":"open","ping_status":"open","sticky":false,"template":"","format":"standard","meta":{"footnotes":""},"categories":[2],"tags":[],"class_list":["post-1567","post","type-post","status-publish","format-standard","hentry","category-noticias"],"_links":{"self":[{"href":"https:\/\/cofecon.org.br\/cofecon\/index.php?rest_route=\/wp\/v2\/posts\/1567"}],"collection":[{"href":"https:\/\/cofecon.org.br\/cofecon\/index.php?rest_route=\/wp\/v2\/posts"}],"about":[{"href":"https:\/\/cofecon.org.br\/cofecon\/index.php?rest_route=\/wp\/v2\/types\/post"}],"author":[{"embeddable":true,"href":"https:\/\/cofecon.org.br\/cofecon\/index.php?rest_route=\/wp\/v2\/users\/1"}],"replies":[{"embeddable":true,"href":"https:\/\/cofecon.org.br\/cofecon\/index.php?rest_route=%2Fwp%2Fv2%2Fcomments&post=1567"}],"version-history":[{"count":0,"href":"https:\/\/cofecon.org.br\/cofecon\/index.php?rest_route=\/wp\/v2\/posts\/1567\/revisions"}],"wp:attachment":[{"href":"https:\/\/cofecon.org.br\/cofecon\/index.php?rest_route=%2Fwp%2Fv2%2Fmedia&parent=1567"}],"wp:term":[{"taxonomy":"category","embeddable":true,"href":"https:\/\/cofecon.org.br\/cofecon\/index.php?rest_route=%2Fwp%2Fv2%2Fcategories&post=1567"},{"taxonomy":"post_tag","embeddable":true,"href":"https:\/\/cofecon.org.br\/cofecon\/index.php?rest_route=%2Fwp%2Fv2%2Ftags&post=1567"}],"curies":[{"name":"wp","href":"https:\/\/api.w.org\/{rel}","templated":true}]}}