{"id":1559,"date":"2016-10-16T12:47:17","date_gmt":"2016-10-16T14:47:17","guid":{"rendered":"http:\/\/www.cofecon.org.br\/?p=1559"},"modified":"2016-10-16T12:47:17","modified_gmt":"2016-10-16T14:47:17","slug":"em-defesa-da-fee","status":"publish","type":"post","link":"https:\/\/cofecon.org.br\/cofecon\/?p=1559","title":{"rendered":"Artigo &#8211; Em defesa da FEE"},"content":{"rendered":"<p style=\"text-align: justify;\">Em tempos de crise fiscal, uma das primeiras \u00e1reas vitimadas pelos cortes governamentais \u00e9 a de planejamento. Tal procedimento, infelizmente, faz parte da pr\u00e1tica dos gestores brasileiros e alcan\u00e7a as tr\u00eas inst\u00e2ncias de governo: federal, estadual e municipal. A v\u00edtima da vez \u00e9 a Funda\u00e7\u00e3o de Economia e Estat\u00edstica (FEE), valorosa institui\u00e7\u00e3o de planejamento, pesquisa e estat\u00edstica do governo do estado do Rio Grande do Sul, que est\u00e1 sendo extinta pelo governador Ivo Sartori.<\/p>\n<p style=\"text-align: justify;\">Fundada em 1973, a FEE \u00e9 respons\u00e1vel pelo c\u00e1lculo do PIB sul-rio-grandense, pelas an\u00e1lises do mercado de trabalho local e pelos estudos de regionaliza\u00e7\u00e3o do estado, entre outros. Em seus 43 anos de servi\u00e7os prestados ao povo ga\u00facho, foram mais de 2.000 publica\u00e7\u00f5es impressas, incluindo livros, revistas, estudos, pesquisas e ensaios.<\/p>\n<p style=\"text-align: justify;\">Integrada por 179 funcion\u00e1rios da mais alta qualifica\u00e7\u00e3o e ampla multidisciplinaridade, entre os quais 36 doutores e 93 mestres, a FEE n\u00e3o possui cargos de confian\u00e7a, o que atesta o car\u00e1ter t\u00e9cnico e profissional da institui\u00e7\u00e3o. No pacote do governo, os 127 funcion\u00e1rios regidos pela CLT ser\u00e3o sumariamente demitidos e as atividades da Funda\u00e7\u00e3o ser\u00e3o transferidas para um departamento na Secretaria de Planejamento, Governan\u00e7a e Gest\u00e3o. Evidentemente, ser\u00e3o desenvolvidas de forma insuficiente e prec\u00e1ria.<\/p>\n<p style=\"text-align: justify;\">A amea\u00e7a que paira sobre a FEE tamb\u00e9m acomete outras institui\u00e7\u00f5es estaduais de planejamento, pesquisa e estat\u00edstica, como a Funda\u00e7\u00e3o CIDE do governo do estado do Rio de Janeiro, que vive processo de cont\u00ednuo esvaziamento e desidrata\u00e7\u00e3o de suas atividades. Aqui no Distrito Federal, em momento de forte crise fiscal do GDF, felizmente a CODEPLAN n\u00e3o tem sofrido restri\u00e7\u00f5es mais s\u00e9rias ao desempenho de suas atividades. A ANIPES e o COFECON repudiam a extin\u00e7\u00e3o da FEE e apelam ao governo do Rio Grande do Sul para que retire a FEE da rela\u00e7\u00e3o de \u00f3rg\u00e3os que ser\u00e3o extintos.<\/p>\n<p style=\"text-align: justify;\"><strong>J\u00falio Miragaya &#8211; \u00a0Presidente da Associa\u00e7\u00e3o Nacional das Institui\u00e7\u00f5es de Planejamento, Pesquisa e Estat\u00edstica (ANIPES) e do COFECON.<\/strong><\/p>\n","protected":false},"excerpt":{"rendered":"<p>Em tempos de crise fiscal, uma das primeiras \u00e1reas vitimadas pelos cortes governamentais \u00e9 a de planejamento. Tal procedimento, infelizmente, faz parte da pr\u00e1tica dos gestores brasileiros e alcan\u00e7a as tr\u00eas inst\u00e2ncias de governo: federal, estadual e municipal. A v\u00edtima<\/p>\n<p><a class=\"more-link\" href=\"https:\/\/cofecon.org.br\/cofecon\/?p=1559\">Leia Mais<\/a><\/p>\n","protected":false},"author":1,"featured_media":0,"comment_status":"open","ping_status":"open","sticky":false,"template":"","format":"standard","meta":{"footnotes":""},"categories":[6],"tags":[],"class_list":["post-1559","post","type-post","status-publish","format-standard","hentry","category-artigo"],"_links":{"self":[{"href":"https:\/\/cofecon.org.br\/cofecon\/index.php?rest_route=\/wp\/v2\/posts\/1559"}],"collection":[{"href":"https:\/\/cofecon.org.br\/cofecon\/index.php?rest_route=\/wp\/v2\/posts"}],"about":[{"href":"https:\/\/cofecon.org.br\/cofecon\/index.php?rest_route=\/wp\/v2\/types\/post"}],"author":[{"embeddable":true,"href":"https:\/\/cofecon.org.br\/cofecon\/index.php?rest_route=\/wp\/v2\/users\/1"}],"replies":[{"embeddable":true,"href":"https:\/\/cofecon.org.br\/cofecon\/index.php?rest_route=%2Fwp%2Fv2%2Fcomments&post=1559"}],"version-history":[{"count":0,"href":"https:\/\/cofecon.org.br\/cofecon\/index.php?rest_route=\/wp\/v2\/posts\/1559\/revisions"}],"wp:attachment":[{"href":"https:\/\/cofecon.org.br\/cofecon\/index.php?rest_route=%2Fwp%2Fv2%2Fmedia&parent=1559"}],"wp:term":[{"taxonomy":"category","embeddable":true,"href":"https:\/\/cofecon.org.br\/cofecon\/index.php?rest_route=%2Fwp%2Fv2%2Fcategories&post=1559"},{"taxonomy":"post_tag","embeddable":true,"href":"https:\/\/cofecon.org.br\/cofecon\/index.php?rest_route=%2Fwp%2Fv2%2Ftags&post=1559"}],"curies":[{"name":"wp","href":"https:\/\/api.w.org\/{rel}","templated":true}]}}