{"id":1557,"date":"2016-10-16T12:46:03","date_gmt":"2016-10-16T14:46:03","guid":{"rendered":"http:\/\/www.cofecon.org.br\/?p=1557"},"modified":"2016-10-16T12:46:03","modified_gmt":"2016-10-16T14:46:03","slug":"anoes-da-politica","status":"publish","type":"post","link":"https:\/\/cofecon.org.br\/cofecon\/?p=1557","title":{"rendered":"Artigo &#8211; An\u00f5es da pol\u00edtica"},"content":{"rendered":"<p style=\"text-align: justify;\">Segundo pesquisa Ibope de 25 de setembro, passados quase 5 meses do governo Temer, 74% da popula\u00e7\u00e3o, que j\u00e1 n\u00e3o morria de amores pelo governo Dilma, acha que o atual est\u00e1 pior (33%) ou igual (41%) ao dela. A avalia\u00e7\u00e3o tende a piorar ap\u00f3s a C\u00e2mara dos Deputados ter aprovado em 1\u00ba turno a PEC n\u00ba 241\/16, que congela os gastos sociais da Uni\u00e3o at\u00e9 2037 visando garantir e ampliar os recursos direcionados ao mercado financeiro.<\/p>\n<p style=\"text-align: justify;\">Mas certamente a proposta encontrar\u00e1 forte resist\u00eancia da sociedade brasileira, que tamb\u00e9m reagir\u00e1 \u00e0 reforma previdenci\u00e1ria que est\u00e1 no forno do Planalto. Como pimenta nos olhos dos outros \u00e9 refresco, um dos membros do n\u00facleo central do governo, o ministro Geddel, segundo o jornalista Elio Gaspari, se aposentou aos 51 anos (recebendo aposentadoria mensal de R$ 31 mil, al\u00e9m do sal\u00e1rio de ministro), mas defende para os outros a idade m\u00ednima de 65 anos, inclusive para mulheres e trabalhadores rurais (que recebem R$ 880), quando se sabe que a expectativa m\u00e9dia de vida do campon\u00eas nas regi\u00f5es Norte e Nordeste \u00e9 de 63 anos.<\/p>\n<p style=\"text-align: justify;\">Pe\u00e7a publicit\u00e1ria do governo que Geddel integra afirma que Temer assumiu o Pa\u00eds com diversas obras p\u00fablicas inacabadas, citando, entre elas, a transposi\u00e7\u00e3o do rio S\u00e3o Francisco e a ferrovia Transnordestina. Escondeu, entretanto, que Geddel, enquanto ministro da Integra\u00e7\u00e3o Nacional, durante todo o segundo governo Lula (2007 a 2010), foi o respons\u00e1vel por esses projetos que n\u00e3o andaram. E pior, diz que apenas 53 km da rodovia BR-163 haviam sido pavimentados at\u00e9 2012, quando o pr\u00f3prio site do Minist\u00e9rio dos Transportes revela que durante as gest\u00f5es de Lula e Dilma foram conclu\u00eddos 840 km dos 1.024 km da rodovia entre Guarant\u00e3 (MT) e Santar\u00e9m (PA). Como dizia o \u201canalista de Bag\u00e9\u201d, quem nasceu para an\u00e3o do or\u00e7amento jamais ser\u00e1 um gigante da pol\u00edtica.<\/p>\n<p style=\"text-align: justify;\"><strong>J\u00falio Miragaya &#8211; Presidente do Conselho Federal de Economia<\/strong><\/p>\n","protected":false},"excerpt":{"rendered":"<p>Segundo pesquisa Ibope de 25 de setembro, passados quase 5 meses do governo Temer, 74% da popula\u00e7\u00e3o, que j\u00e1 n\u00e3o morria de amores pelo governo Dilma, acha que o atual est\u00e1 pior (33%) ou igual (41%) ao dela. A avalia\u00e7\u00e3o<\/p>\n<p><a class=\"more-link\" href=\"https:\/\/cofecon.org.br\/cofecon\/?p=1557\">Leia Mais<\/a><\/p>\n","protected":false},"author":1,"featured_media":0,"comment_status":"open","ping_status":"open","sticky":false,"template":"","format":"standard","meta":{"footnotes":""},"categories":[6],"tags":[],"class_list":["post-1557","post","type-post","status-publish","format-standard","hentry","category-artigo"],"_links":{"self":[{"href":"https:\/\/cofecon.org.br\/cofecon\/index.php?rest_route=\/wp\/v2\/posts\/1557"}],"collection":[{"href":"https:\/\/cofecon.org.br\/cofecon\/index.php?rest_route=\/wp\/v2\/posts"}],"about":[{"href":"https:\/\/cofecon.org.br\/cofecon\/index.php?rest_route=\/wp\/v2\/types\/post"}],"author":[{"embeddable":true,"href":"https:\/\/cofecon.org.br\/cofecon\/index.php?rest_route=\/wp\/v2\/users\/1"}],"replies":[{"embeddable":true,"href":"https:\/\/cofecon.org.br\/cofecon\/index.php?rest_route=%2Fwp%2Fv2%2Fcomments&post=1557"}],"version-history":[{"count":0,"href":"https:\/\/cofecon.org.br\/cofecon\/index.php?rest_route=\/wp\/v2\/posts\/1557\/revisions"}],"wp:attachment":[{"href":"https:\/\/cofecon.org.br\/cofecon\/index.php?rest_route=%2Fwp%2Fv2%2Fmedia&parent=1557"}],"wp:term":[{"taxonomy":"category","embeddable":true,"href":"https:\/\/cofecon.org.br\/cofecon\/index.php?rest_route=%2Fwp%2Fv2%2Fcategories&post=1557"},{"taxonomy":"post_tag","embeddable":true,"href":"https:\/\/cofecon.org.br\/cofecon\/index.php?rest_route=%2Fwp%2Fv2%2Ftags&post=1557"}],"curies":[{"name":"wp","href":"https:\/\/api.w.org\/{rel}","templated":true}]}}