{"id":1555,"date":"2016-10-15T12:44:45","date_gmt":"2016-10-15T15:44:45","guid":{"rendered":"http:\/\/www.cofecon.org.br\/?p=1555"},"modified":"2016-10-15T12:44:45","modified_gmt":"2016-10-15T15:44:45","slug":"lula-e-o-ajuste-fiscal","status":"publish","type":"post","link":"https:\/\/cofecon.org.br\/cofecon\/?p=1555","title":{"rendered":"Artigo &#8211; Lula e o Ajuste Fiscal"},"content":{"rendered":"<p style=\"text-align: justify;\">Se perguntassem ao povo brasileiro \u201cQual deve ser a principal preocupa\u00e7\u00e3o do governo Temer?\u201d, a maioria certamente responderia: educa\u00e7\u00e3o, sa\u00fade, retomar o crescimento econ\u00f4mico para gerar emprego, ou acabar com a corrup\u00e7\u00e3o. Mas n\u00e3o \u00e9 o que pensam 199 entre os 1.000 maiores empres\u00e1rios brasileiros, o que foi constatado em enquete realizada pelo jornal Valor Econ\u00f4mico. Somente 2% responderam que a principal preocupa\u00e7\u00e3o do governo Temer deva ser o combate \u00e0 corrup\u00e7\u00e3o. J\u00e1 a educa\u00e7\u00e3o e crescimento econ\u00f4mico mereceram a aten\u00e7\u00e3o de apenas 1%.<\/p>\n<p style=\"text-align: justify;\">E o que os principais empres\u00e1rios do Pa\u00eds esperam do governo Temer? Segundo a enquete, aprovar a PEC 241, que congela os gastos em sa\u00fade e educa\u00e7\u00e3o (47%), e as reformas previdenci\u00e1ria (22%) e trabalhista (10%). Em s\u00edntese, 80% defendem que Temer deve cortar gastos e direitos sociais, que consideram excessivos. Por fim, 13% clamam pela redu\u00e7\u00e3o da taxa de juros e 4% esperam uma pol\u00edtica cambial mais afeita aos interesses da ind\u00fastria nacional, revelando que ainda h\u00e1 alguma lucidez em parte de nossa elite econ\u00f4mica.<\/p>\n<p style=\"text-align: justify;\">No Brasil, embora os ganhos de capital deem uma contribui\u00e7\u00e3o menor para a carga tribut\u00e1ria (28% contra 72% advindos do imposto sobre o consumo e renda do trabalho), s\u00e3o os ricos que mais dela reclamam. Se queixam de o Estado destinar R$ 27 bilh\u00f5es anuais a 40 milh\u00f5es de miser\u00e1veis atendidos pelo Bolsa Fam\u00edlia, mas se locupletam com os R$ 500 bilh\u00f5es anuais que embolsam na forma de juros da d\u00edvida p\u00fablica, al\u00e9m de centenas de bilh\u00f5es na forma de subs\u00eddio, isen\u00e7\u00e3o, desonera\u00e7\u00e3o e sonega\u00e7\u00e3o.<\/p>\n<p style=\"text-align: justify;\">A enquete do Valor explica muito do que se passa hoje no Brasil. Dilma n\u00e3o foi deposta pelas supostas \u201cpedaladas\u201d, tampouco por corrup\u00e7\u00e3o e muito menos pela propalada gastan\u00e7a. O real motivo foi a sua incapacidade de promover o ajuste fiscal na escala e intensidade que a elite desejava e deseja, reduzindo gastos sociais para preservar a apropria\u00e7\u00e3o do or\u00e7amento p\u00fablico pelos ricos. Ela at\u00e9 tentou com Levy, mas sua base social se rebelou, ela titubeou, e a\u00ed n\u00e3o teve perd\u00e3o.<\/p>\n<p style=\"text-align: justify;\">O roteiro elaborado pela elite econ\u00f4mica prev\u00ea que o governo Temer, impopular e destitu\u00eddo de legitimidade, deva cumprir este papel. Haver\u00e1 rea\u00e7\u00e3o dos movimentos sociais e sindicais, mas o grande obst\u00e1culo se chama Lula, que j\u00e1 lidera as pesquisas para presidente em 2018, encarnando a resist\u00eancia popular ao ajuste fiscal, que, em 2003, combateu a crise ampliando os direitos sociais, diferentemente do que hoje se prop\u00f5e. Isso implica que ele deve ser apeado da disputa pol\u00edtica.<\/p>\n<p style=\"text-align: justify;\">Da\u00ed adv\u00e9m seu indiciamento pela PF, com base na pat\u00e9tica acusa\u00e7\u00e3o pelo MP de ser o \u201cchefe m\u00e1ximo\u201d do esquema de corrup\u00e7\u00e3o no Pa\u00eds. Ora, como algu\u00e9m comanda um esquema de propina de R$ 30 bilh\u00f5es e puxa para si t\u00e3o somente as reformas de um apartamento e de uma ch\u00e1cara, que nem a ele pertencem, e que somam meros R$ 2 milh\u00f5es? Como o \u201cchefe supremo\u201d fica com um d\u00e9cimo de mil\u00e9simo do total desviado quando teve gerente da Petrobr\u00e1s levando US$ 200 milh\u00f5es? Talvez Eremildo, o idiota, creia.<\/p>\n<p style=\"text-align: justify;\"><strong>\u00a0J\u00falio Miragaya &#8211; Doutor em Desenvolvimento Econ\u00f4mico Sustent\u00e1vel e Presidente do Conselho Federal de Economia<\/strong><\/p>\n<p>&nbsp;<\/p>\n<p>&nbsp;<\/p>\n","protected":false},"excerpt":{"rendered":"<p>Se perguntassem ao povo brasileiro \u201cQual deve ser a principal preocupa\u00e7\u00e3o do governo Temer?\u201d, a maioria certamente responderia: educa\u00e7\u00e3o, sa\u00fade, retomar o crescimento econ\u00f4mico para gerar emprego, ou acabar com a corrup\u00e7\u00e3o. Mas n\u00e3o \u00e9 o que pensam 199 entre<\/p>\n<p><a class=\"more-link\" href=\"https:\/\/cofecon.org.br\/cofecon\/?p=1555\">Leia Mais<\/a><\/p>\n","protected":false},"author":1,"featured_media":0,"comment_status":"open","ping_status":"open","sticky":false,"template":"","format":"standard","meta":{"footnotes":""},"categories":[6],"tags":[],"class_list":["post-1555","post","type-post","status-publish","format-standard","hentry","category-artigo"],"_links":{"self":[{"href":"https:\/\/cofecon.org.br\/cofecon\/index.php?rest_route=\/wp\/v2\/posts\/1555"}],"collection":[{"href":"https:\/\/cofecon.org.br\/cofecon\/index.php?rest_route=\/wp\/v2\/posts"}],"about":[{"href":"https:\/\/cofecon.org.br\/cofecon\/index.php?rest_route=\/wp\/v2\/types\/post"}],"author":[{"embeddable":true,"href":"https:\/\/cofecon.org.br\/cofecon\/index.php?rest_route=\/wp\/v2\/users\/1"}],"replies":[{"embeddable":true,"href":"https:\/\/cofecon.org.br\/cofecon\/index.php?rest_route=%2Fwp%2Fv2%2Fcomments&post=1555"}],"version-history":[{"count":0,"href":"https:\/\/cofecon.org.br\/cofecon\/index.php?rest_route=\/wp\/v2\/posts\/1555\/revisions"}],"wp:attachment":[{"href":"https:\/\/cofecon.org.br\/cofecon\/index.php?rest_route=%2Fwp%2Fv2%2Fmedia&parent=1555"}],"wp:term":[{"taxonomy":"category","embeddable":true,"href":"https:\/\/cofecon.org.br\/cofecon\/index.php?rest_route=%2Fwp%2Fv2%2Fcategories&post=1555"},{"taxonomy":"post_tag","embeddable":true,"href":"https:\/\/cofecon.org.br\/cofecon\/index.php?rest_route=%2Fwp%2Fv2%2Ftags&post=1555"}],"curies":[{"name":"wp","href":"https:\/\/api.w.org\/{rel}","templated":true}]}}