{"id":15462,"date":"2021-08-23T15:30:33","date_gmt":"2021-08-23T18:30:33","guid":{"rendered":"https:\/\/www.cofecon.org.br\/?p=15462"},"modified":"2021-08-23T15:30:33","modified_gmt":"2021-08-23T18:30:33","slug":"lacerda-analisa-momento-de-incerteza-na-economia-brasileira","status":"publish","type":"post","link":"https:\/\/cofecon.org.br\/cofecon\/?p=15462","title":{"rendered":"Lacerda analisa momento de incerteza na economia brasileira"},"content":{"rendered":"\n<p>O presidente do Cofecon, Antonio Corr\u00eaa de Lacerda, falou ao jornal O Estado de S.Paulo sobre o momento macroecon\u00f4mico vivido pelo Brasil. A mat\u00e9ria publicada tratou das incertezas da economia frente ao ambiente eleitoral antecipado. Enquanto o governo avalia que o momento de incerteza \u00e9 passageiro, Lacerda classifica o quadro como \u201ctempestade perfeita\u201d.<\/p>\n<p>O presidente comentou que a necessidade de elevar os juros para conter a infla\u00e7\u00e3o em 2022 \u00e9 \u201cuma bomba\u201d. \u201cH\u00e1 uma tempestade perfeita\u201d, apontou o presidente. Ele tamb\u00e9m menciona que embora o PIB do primeiro trimestre tenha gerado euforia, ao se retirar o efeito estat\u00edstico (crescimento percentual sobre uma base muito deprimida em 2020) o resultado n\u00e3o ser\u00e1 muito melhor que o do per\u00edodo 2017-2019.<\/p>\n<p>Lacerda tamb\u00e9m argumentou que o presidente Jair Bolsonaro, em meio \u00e0 press\u00e3o, cria factoides, sendo o mais recente o pedido de impeachment do ministro Alexandre de Moraes, do Supremo Tribunal Federal. \u201cNo campo econ\u00f4mico, claramente ele vai jogar todas as fichas num aux\u00edlio emergencial turbinado que seria uma combina\u00e7\u00e3o de Bolsa Fam\u00edlia visando criar algum impacto eleitoral\u201d, afirmou o presidente do Cofecon.<\/p>\n<p>No cen\u00e1rio externo, h\u00e1 a possibilidade de aumento da taxa de juros nos Estados Unidos. Para Lacerda, \u201ca poss\u00edvel eleva\u00e7\u00e3o da taxa de juros americana \u00e9 sempre um problema para a economia global e para o Brasil. A desacelera\u00e7\u00e3o do ritmo de crescimento chin\u00eas \u00e9 uma m\u00e1 not\u00edcia para as exporta\u00e7\u00f5es brasileiras, porque o Brasil \u00e9 dependente das commodities\u201d.<\/p>\n<p>A mat\u00e9ria pode ser lida clicando <a href=\"https:\/\/economia.uol.com.br\/noticias\/estadao-conteudo\/2021\/08\/22\/mercado-deve-viver-tensao-longa-com-eleicao-antecipada.htm\"><strong>AQUI<\/strong><\/a>.<\/p>\n","protected":false},"excerpt":{"rendered":"","protected":false},"author":1,"featured_media":15083,"comment_status":"closed","ping_status":"closed","sticky":false,"template":"","format":"standard","meta":{"footnotes":""},"categories":[7,2],"tags":[],"class_list":["post-15462","post","type-post","status-publish","format-standard","has-post-thumbnail","hentry","category-cofecon-na-midia","category-noticias"],"_links":{"self":[{"href":"https:\/\/cofecon.org.br\/cofecon\/index.php?rest_route=\/wp\/v2\/posts\/15462"}],"collection":[{"href":"https:\/\/cofecon.org.br\/cofecon\/index.php?rest_route=\/wp\/v2\/posts"}],"about":[{"href":"https:\/\/cofecon.org.br\/cofecon\/index.php?rest_route=\/wp\/v2\/types\/post"}],"author":[{"embeddable":true,"href":"https:\/\/cofecon.org.br\/cofecon\/index.php?rest_route=\/wp\/v2\/users\/1"}],"replies":[{"embeddable":true,"href":"https:\/\/cofecon.org.br\/cofecon\/index.php?rest_route=%2Fwp%2Fv2%2Fcomments&post=15462"}],"version-history":[{"count":0,"href":"https:\/\/cofecon.org.br\/cofecon\/index.php?rest_route=\/wp\/v2\/posts\/15462\/revisions"}],"wp:featuredmedia":[{"embeddable":true,"href":"https:\/\/cofecon.org.br\/cofecon\/index.php?rest_route=\/wp\/v2\/media\/15083"}],"wp:attachment":[{"href":"https:\/\/cofecon.org.br\/cofecon\/index.php?rest_route=%2Fwp%2Fv2%2Fmedia&parent=15462"}],"wp:term":[{"taxonomy":"category","embeddable":true,"href":"https:\/\/cofecon.org.br\/cofecon\/index.php?rest_route=%2Fwp%2Fv2%2Fcategories&post=15462"},{"taxonomy":"post_tag","embeddable":true,"href":"https:\/\/cofecon.org.br\/cofecon\/index.php?rest_route=%2Fwp%2Fv2%2Ftags&post=15462"}],"curies":[{"name":"wp","href":"https:\/\/api.w.org\/{rel}","templated":true}]}}