{"id":15334,"date":"2021-08-06T16:53:15","date_gmt":"2021-08-06T19:53:15","guid":{"rendered":"https:\/\/www.cofecon.org.br\/?p=15334"},"modified":"2021-08-06T16:53:15","modified_gmt":"2021-08-06T19:53:15","slug":"vem-ai-a-semana-do-economista-no-corecon-se","status":"publish","type":"post","link":"https:\/\/cofecon.org.br\/cofecon\/?p=15334","title":{"rendered":"Vem a\u00ed a Semana do Economista no Corecon-SE"},"content":{"rendered":"<p><img loading=\"lazy\" decoding=\"async\" class=\"size-medium wp-image-15336 alignleft\" src=\"https:\/\/www.cofecon.org.br\/wp-content\/uploads\/2021\/08\/corecon-se-1-300x300.jpg\" alt=\"\" width=\"300\" height=\"300\" srcset=\"https:\/\/cofecon.org.br\/cofecon\/wp-content\/uploads\/2021\/08\/corecon-se-1-300x300.jpg 300w, https:\/\/cofecon.org.br\/cofecon\/wp-content\/uploads\/2021\/08\/corecon-se-1-1024x1024.jpg 1024w, https:\/\/cofecon.org.br\/cofecon\/wp-content\/uploads\/2021\/08\/corecon-se-1-150x150.jpg 150w, https:\/\/cofecon.org.br\/cofecon\/wp-content\/uploads\/2021\/08\/corecon-se-1-768x768.jpg 768w, https:\/\/cofecon.org.br\/cofecon\/wp-content\/uploads\/2021\/08\/corecon-se-1-800x800.jpg 800w, https:\/\/cofecon.org.br\/cofecon\/wp-content\/uploads\/2021\/08\/corecon-se-1-250x250.jpg 250w, https:\/\/cofecon.org.br\/cofecon\/wp-content\/uploads\/2021\/08\/corecon-se-1.jpg 1080w\" sizes=\"(max-width: 300px) 100vw, 300px\" \/>Organizada pelo Conselho Regional de Economia de Sergipe, a Semana do Economista acontece de 10 a 13 de agosto, sempre \u00e0s 19h, com transmiss\u00e3o pelo YouTube da Associa\u00e7\u00e3o Brasileira de Educa\u00e7\u00e3o a Dist\u00e2ncia e pelo Google Meeting. O link ser\u00e1 publicado no Instagram do Corecon-SE diariamente, clique <a href=\"https:\/\/www.instagram.com\/coreconse\/\">AQUI<\/a>.<\/p>\n<p>(No dia 13 de agosto, a live ser\u00e1 transmitida pelo YouTube do Centro Acad\u00eamico Celso Furtado, acesse <a href=\"https:\/\/www.youtube.com\/channel\/UCwHSQmu1nY7PyOinYhtQ01A\">AQUI<\/a>.)<\/p>\n<p><strong>Inclua os eventos na sua agenda:<\/strong><\/p>\n<p>10 de agosto &#8211; Ivandro Mendes de Oliveira apresenta a palestra &#8220;Incentivos fiscais para ind\u00fastrias sergipanas.<\/p>\n<p>11 de agosto &#8211; Pedro Fernando Nery falar\u00e1 sobre a &#8220;Cria\u00e7\u00e3o de um benef\u00edcio universal infantil, no \u00e2mbito da reforma do bolsa fam\u00edlia&#8221;<\/p>\n<p>12 de agosto &#8211; Uallace Moreira tratar\u00e1 do tema &#8220;Uma proposta de pol\u00edtica industrial para o Brasil&#8221;.<\/p>\n<p>13 de agosto, Marco Ant\u00f4nio Jorge lan\u00e7ar\u00e1 e apresentar\u00e1 o livro &#8220;Economia do Crime no Brasil&#8221;.<\/p>\n<p>Ap\u00f3s o encerramento de cada palestra, ser\u00e1 aberta uma live pelo Corecon-SE para o sorteio de brindes como: livros, cestas Marat\u00e1 e kits Hinode. Para concorrer basta seguir o Instagram @coreconse, curtir a publica\u00e7\u00e3o da live do dia, e marcar um amigo ou #semanadoeconomista2021.<\/p>\n<p>Na live especial do Dia do Economista, 13\/08, haver\u00e1 a entrega da Medalha do M\u00e9rito Econ\u00f4mico; lan\u00e7amento do livro &#8220;Economia do Crime no Brasil; palestra; sorteio especial para os economistas adimplentes de uma inscri\u00e7\u00e3o no Curso de Per\u00edcia Judicial de Rui Juliano; al\u00e9m de outros brindes.<\/p>\n","protected":false},"excerpt":{"rendered":"<p>Organizada pelo Conselho Regional de Economia de Sergipe, a Semana do Economista acontece de 10 a 13 de agosto, sempre \u00e0s 19h, com transmiss\u00e3o pelo YouTube da Associa\u00e7\u00e3o Brasileira de Educa\u00e7\u00e3o a Dist\u00e2ncia e pelo Google Meeting. O link ser\u00e1<\/p>\n<p><a class=\"more-link\" href=\"https:\/\/cofecon.org.br\/cofecon\/?p=15334\">Leia Mais<\/a><\/p>\n","protected":false},"author":1,"featured_media":15335,"comment_status":"closed","ping_status":"closed","sticky":false,"template":"","format":"standard","meta":{"footnotes":""},"categories":[19,2],"tags":[],"class_list":["post-15334","post","type-post","status-publish","format-standard","has-post-thumbnail","hentry","category-capa-do-site","category-noticias"],"_links":{"self":[{"href":"https:\/\/cofecon.org.br\/cofecon\/index.php?rest_route=\/wp\/v2\/posts\/15334"}],"collection":[{"href":"https:\/\/cofecon.org.br\/cofecon\/index.php?rest_route=\/wp\/v2\/posts"}],"about":[{"href":"https:\/\/cofecon.org.br\/cofecon\/index.php?rest_route=\/wp\/v2\/types\/post"}],"author":[{"embeddable":true,"href":"https:\/\/cofecon.org.br\/cofecon\/index.php?rest_route=\/wp\/v2\/users\/1"}],"replies":[{"embeddable":true,"href":"https:\/\/cofecon.org.br\/cofecon\/index.php?rest_route=%2Fwp%2Fv2%2Fcomments&post=15334"}],"version-history":[{"count":0,"href":"https:\/\/cofecon.org.br\/cofecon\/index.php?rest_route=\/wp\/v2\/posts\/15334\/revisions"}],"wp:featuredmedia":[{"embeddable":true,"href":"https:\/\/cofecon.org.br\/cofecon\/index.php?rest_route=\/wp\/v2\/media\/15335"}],"wp:attachment":[{"href":"https:\/\/cofecon.org.br\/cofecon\/index.php?rest_route=%2Fwp%2Fv2%2Fmedia&parent=15334"}],"wp:term":[{"taxonomy":"category","embeddable":true,"href":"https:\/\/cofecon.org.br\/cofecon\/index.php?rest_route=%2Fwp%2Fv2%2Fcategories&post=15334"},{"taxonomy":"post_tag","embeddable":true,"href":"https:\/\/cofecon.org.br\/cofecon\/index.php?rest_route=%2Fwp%2Fv2%2Ftags&post=15334"}],"curies":[{"name":"wp","href":"https:\/\/api.w.org\/{rel}","templated":true}]}}