{"id":15272,"date":"2021-07-28T12:08:27","date_gmt":"2021-07-28T15:08:27","guid":{"rendered":"https:\/\/www.cofecon.org.br\/?p=15272"},"modified":"2021-07-28T12:08:27","modified_gmt":"2021-07-28T15:08:27","slug":"forum-de-pericias-do-corecon-sp-promove-palestra-sobre-recuperacao-e-reestruturacao-de-empresas","status":"publish","type":"post","link":"https:\/\/cofecon.org.br\/cofecon\/?p=15272","title":{"rendered":"F\u00f3rum De Per\u00edcias do Corecon-SP promove palestra sobre recupera\u00e7\u00e3o e reestrutura\u00e7\u00e3o de empresas"},"content":{"rendered":"<p dir=\"auto\">O F\u00f3rum de Per\u00edcias do Conselho Regional de Economia de S\u00e3o Paulo promover\u00e1 a palestra &#8220;Recupera\u00e7\u00e3o e Reestrutura\u00e7\u00e3o de Empresas&#8221;, no pr\u00f3ximo dia 28 de Julho, quarta-feira, \u00e0s 18 horas.<\/p>\n<p dir=\"auto\">Os palestrantes ser\u00e3o os economistas Jos\u00e9 Roberto Alves, consultor empresarial, administrador judicial e perito econ\u00f4mico-financeiro, s\u00f3cio da empresa MGA Administra\u00e7\u00e3o e Consultoria e Pedro Afonso Gomes, perito em economia e finan\u00e7as nos \u00e2mbitos judicial, extrajudicial e arbitral e consultor especializado em recupera\u00e7\u00e3o e reestrutura\u00e7\u00e3o de empresas.<\/p>\n<p dir=\"auto\">O evento acontecer\u00e1 via Zoom pelo link: <a href=\"https:\/\/us06web.zoom.us\/j\/88053426885\">https:\/\/us06web.zoom.us\/j\/88053426885<\/a><\/p>\n<p dir=\"auto\">ID da reuni\u00e3o ser\u00e1 88053426885.<\/p>\n<p dir=\"auto\">Participe!<\/p>\n","protected":false},"excerpt":{"rendered":"<p>O F\u00f3rum de Per\u00edcias do Conselho Regional de Economia de S\u00e3o Paulo promover\u00e1 a palestra &#8220;Recupera\u00e7\u00e3o e Reestrutura\u00e7\u00e3o de Empresas&#8221;, no pr\u00f3ximo dia 28 de Julho, quarta-feira, \u00e0s 18 horas. Os palestrantes ser\u00e3o os economistas Jos\u00e9 Roberto Alves, consultor empresarial,<\/p>\n<p><a class=\"more-link\" href=\"https:\/\/cofecon.org.br\/cofecon\/?p=15272\">Leia Mais<\/a><\/p>\n","protected":false},"author":1,"featured_media":14659,"comment_status":"closed","ping_status":"closed","sticky":false,"template":"","format":"standard","meta":{"footnotes":""},"categories":[2],"tags":[],"class_list":["post-15272","post","type-post","status-publish","format-standard","has-post-thumbnail","hentry","category-noticias"],"_links":{"self":[{"href":"https:\/\/cofecon.org.br\/cofecon\/index.php?rest_route=\/wp\/v2\/posts\/15272"}],"collection":[{"href":"https:\/\/cofecon.org.br\/cofecon\/index.php?rest_route=\/wp\/v2\/posts"}],"about":[{"href":"https:\/\/cofecon.org.br\/cofecon\/index.php?rest_route=\/wp\/v2\/types\/post"}],"author":[{"embeddable":true,"href":"https:\/\/cofecon.org.br\/cofecon\/index.php?rest_route=\/wp\/v2\/users\/1"}],"replies":[{"embeddable":true,"href":"https:\/\/cofecon.org.br\/cofecon\/index.php?rest_route=%2Fwp%2Fv2%2Fcomments&post=15272"}],"version-history":[{"count":0,"href":"https:\/\/cofecon.org.br\/cofecon\/index.php?rest_route=\/wp\/v2\/posts\/15272\/revisions"}],"wp:featuredmedia":[{"embeddable":true,"href":"https:\/\/cofecon.org.br\/cofecon\/index.php?rest_route=\/wp\/v2\/media\/14659"}],"wp:attachment":[{"href":"https:\/\/cofecon.org.br\/cofecon\/index.php?rest_route=%2Fwp%2Fv2%2Fmedia&parent=15272"}],"wp:term":[{"taxonomy":"category","embeddable":true,"href":"https:\/\/cofecon.org.br\/cofecon\/index.php?rest_route=%2Fwp%2Fv2%2Fcategories&post=15272"},{"taxonomy":"post_tag","embeddable":true,"href":"https:\/\/cofecon.org.br\/cofecon\/index.php?rest_route=%2Fwp%2Fv2%2Ftags&post=15272"}],"curies":[{"name":"wp","href":"https:\/\/api.w.org\/{rel}","templated":true}]}}