{"id":15242,"date":"2021-07-23T17:21:56","date_gmt":"2021-07-23T20:21:56","guid":{"rendered":"https:\/\/www.cofecon.org.br\/?p=15242"},"modified":"2021-07-23T17:21:56","modified_gmt":"2021-07-23T20:21:56","slug":"corecon-rj-realiza-curso-intensivo-para-prova-da-anpec","status":"publish","type":"post","link":"https:\/\/cofecon.org.br\/cofecon\/?p=15242","title":{"rendered":"Corecon-RJ realiza curso intensivo para prova da Anpec"},"content":{"rendered":"<p>Come\u00e7a na pr\u00f3xima quarta-feira (23) o curso intensivo de revis\u00e3o para o exame da Anpec (Associa\u00e7\u00e3o Nacional dos Centros de P\u00f3s-Gradua\u00e7\u00e3o em Economia). O evento \u00e9 feito para economistas, graduandos em Economia ou profissionais de outras \u00e1reas que desejam ingressar em cursos de mestrado ou doutorado em Economia oferecidos pelas institui\u00e7\u00f5es que fazem parte da Anpec.<\/p>\n<p>A dura\u00e7\u00e3o ser\u00e1 de 108 horas e a transmiss\u00e3o se dar\u00e1 pela web, por meio da plataforma Google Meet. O material em PDF e as grava\u00e7\u00f5es das aulas de Matem\u00e1tica, Estat\u00edstica, Macroeconomia e Microeconomia ficar\u00e3o organizadas dentro do Google Classroom. O aluno ter\u00e1 acesso ao material at\u00e9 06\/10\/2021. As aulas de Economia Brasileira n\u00e3o ser\u00e3o gravadas.<\/p>\n<p>Os alunos que frequentam mais de 75% das aulas, e o solicitarem, recebem um certificado no qual se especifica a carga-hor\u00e1ria frequentada. As aulas ser\u00e3o realizadas at\u00e9 o dia 15 de setembro de 2021.\u00a0O conte\u00fado program\u00e1tico \u00e9 baseado nas p\u00e1ginas 15 a 19 do manual do candidato 2022, que pode ser acessado <a href=\"http:\/\/www.anpec.org.br\/novosite\/uploads\/Exame2022_ManualdoCandidato-20210524.pdf\"><strong>AQUI<\/strong><\/a>.<\/p>\n<p>Informa\u00e7\u00f5es sobre a prova encontram-se dispon\u00edveis no site da <a href=\"http:\/\/www.anpec.org.br\/novosite\/br\/exame\"><strong>Anpec<\/strong><\/a>.\u00a0<\/p>\n<p>Mais informa\u00e7\u00f5es sobre o curso podem ser encontradas no <a href=\"http:\/\/www.corecon-rj.org.br\/interna2.php?i=5A4F23A20E921D9EDD9009A8AD0E9E43&amp;p=&amp;m=05AA95F038EE2969E7A9A6D1CB48433H&amp;n=&amp;n2=\"><strong>site do Corecon-RJ<\/strong><\/a> ou solicitadas por e-mail (cursos@corecon-rj.org.br) ou por telefone, entre as 10 e as 16 horas, no n\u00famero (21) 2103-0118 ou 0119.<\/p>\n<p><strong>Confira o calend\u00e1rio de Cursos do Corecon-RJ:<\/strong><\/p>\n<p><strong>Planejamento e Or\u00e7amento P\u00fablico<\/strong><br \/>Aprenda sobre o processo de planejamento or\u00e7ament\u00e1rio e elabora\u00e7\u00e3o de pe\u00e7as or\u00e7ament\u00e1rias.<br \/><strong>M\u00f3dulo I <\/strong>&#8211; Princ\u00edpios b\u00e1sicos<br \/>De 29\/09 a 08\/10\/2021 | Carga hor\u00e1ria: 12h<br \/><strong>M\u00f3dulo II <\/strong>&#8211; De 20\/10 a 29\/10\/2021 | Carga hor\u00e1ria: 12h<br \/>Quartas e sextas-feiras | 18h30 \u00e0s 21h30<br \/>Prof\u00aa. Dra Mirelli Malaguti<\/p>\n<p><strong>Matem\u00e1tica Financeira &#8211; M\u00f3dulo I<\/strong><br \/>Conhe\u00e7a ferramentas b\u00e1sicas de c\u00e1lculo financeiro atrav\u00e9s do uso do Excel e HP12C.<br \/>De 05 a 21 de outubro \u2013 Carga hor\u00e1ria: 15h<br \/>Ter\u00e7as e quintas-feiras | 18h30 \u00e0s 21h30<br \/>Professor Dr. Ant\u00f4nio Carlos Assump\u00e7\u00e3o<\/p>\n<p><strong>Gest\u00e3o de Custos e Forma\u00e7\u00e3o de Pre\u00e7os<\/strong> <br \/>Agregue valor ao cliente, reduza custos operacionais e identifique os custos que s\u00e3o realmente relevantes, a fim de garantir o lucro e a viabilidade desejadas.<br \/>De 14\/09 a 05 de outubro \u2013 Carga hor\u00e1ria: 21h<br \/>Ter\u00e7as e quintas-feiras | 13h30 \u00e0s 16h30<br \/>Professor Me. F\u00e1bio Fraz\u00e3o<\/p>\n<p><strong>An\u00e1lise de Investimento<\/strong> <br \/>Principais ferramentas, com exemplos, para a avalia\u00e7\u00e3o de investimentos nas Finan\u00e7as Corporativas<br \/><strong>M\u00f3dulo I<\/strong> &#8211; De 26\/10 a 11\/11\/2021 | Ter\u00e7as e quintas | Carga hor\u00e1ria: 15h<br \/><strong>M\u00f3dulo II<\/strong> \u2013 Previsto 1\u00aa Trimestre 2022 | Carga hor\u00e1ria: 20h<br \/>Ter\u00e7as e quintas-feiras | 18h30 \u00e0s 21h30<br \/>Professor Dr. Ant\u00f4nio Carlos Assump\u00e7\u00e3o<\/p>\n<p><strong>Introdu\u00e7\u00e3o \u00e0 Economia Pol\u00edtica em Smith, Ricardo e Marx \u2013 M\u00f3dulo I<\/strong><br \/>Aprimore sua vis\u00e3o panor\u00e2mica do processo de constru\u00e7\u00e3o da cr\u00edtica da economia capitalista atrav\u00e9s da leitura dos principais textos da obra de Marx e Engels, Adam Smith e David Ricardo<br \/>De 03\/11 a 08\/12\/2021| Carga hor\u00e1ria: 20h<br \/>Segundas e quartas-feiras | 19h \u00e0s 21h<br \/>Prof. Me Marco Ant\u00f4nio M Coutinho<\/p>\n<p><strong>Viabilidade de Projetos de Investimento com uso em Plataforma Excel<\/strong><br \/>Desenvolva um racioc\u00ednio anal\u00edtico quando de tomadas de decis\u00f5es financeiras de longo prazo.<br \/>De 04\/11 a 07\/12\/2021 | Carga hor\u00e1ria: 30h<br \/>Ter\u00e7as e quintas-feiras | 19h \u00e0s 22h<br \/>Prof. Me. Luiz Claudio Gutierrez<\/p>\n\n","protected":false},"excerpt":{"rendered":"<p>Come\u00e7a na pr\u00f3xima quarta-feira (23) o curso intensivo de revis\u00e3o para o exame da Anpec (Associa\u00e7\u00e3o Nacional dos Centros de P\u00f3s-Gradua\u00e7\u00e3o em Economia). O evento \u00e9 feito para economistas, graduandos em Economia ou profissionais de outras \u00e1reas que desejam ingressar<\/p>\n<p><a class=\"more-link\" href=\"https:\/\/cofecon.org.br\/cofecon\/?p=15242\">Leia Mais<\/a><\/p>\n","protected":false},"author":1,"featured_media":15243,"comment_status":"closed","ping_status":"closed","sticky":false,"template":"","format":"standard","meta":{"footnotes":""},"categories":[4,2],"tags":[],"class_list":["post-15242","post","type-post","status-publish","format-standard","has-post-thumbnail","hentry","category-corecons-em-movimento","category-noticias"],"_links":{"self":[{"href":"https:\/\/cofecon.org.br\/cofecon\/index.php?rest_route=\/wp\/v2\/posts\/15242"}],"collection":[{"href":"https:\/\/cofecon.org.br\/cofecon\/index.php?rest_route=\/wp\/v2\/posts"}],"about":[{"href":"https:\/\/cofecon.org.br\/cofecon\/index.php?rest_route=\/wp\/v2\/types\/post"}],"author":[{"embeddable":true,"href":"https:\/\/cofecon.org.br\/cofecon\/index.php?rest_route=\/wp\/v2\/users\/1"}],"replies":[{"embeddable":true,"href":"https:\/\/cofecon.org.br\/cofecon\/index.php?rest_route=%2Fwp%2Fv2%2Fcomments&post=15242"}],"version-history":[{"count":0,"href":"https:\/\/cofecon.org.br\/cofecon\/index.php?rest_route=\/wp\/v2\/posts\/15242\/revisions"}],"wp:featuredmedia":[{"embeddable":true,"href":"https:\/\/cofecon.org.br\/cofecon\/index.php?rest_route=\/wp\/v2\/media\/15243"}],"wp:attachment":[{"href":"https:\/\/cofecon.org.br\/cofecon\/index.php?rest_route=%2Fwp%2Fv2%2Fmedia&parent=15242"}],"wp:term":[{"taxonomy":"category","embeddable":true,"href":"https:\/\/cofecon.org.br\/cofecon\/index.php?rest_route=%2Fwp%2Fv2%2Fcategories&post=15242"},{"taxonomy":"post_tag","embeddable":true,"href":"https:\/\/cofecon.org.br\/cofecon\/index.php?rest_route=%2Fwp%2Fv2%2Ftags&post=15242"}],"curies":[{"name":"wp","href":"https:\/\/api.w.org\/{rel}","templated":true}]}}