{"id":14721,"date":"2021-05-19T12:56:07","date_gmt":"2021-05-19T15:56:07","guid":{"rendered":"https:\/\/www.cofecon.org.br\/?p=14721"},"modified":"2021-05-19T12:56:07","modified_gmt":"2021-05-19T15:56:07","slug":"faleceu-o-economista-arthur-nemrod-menezes-guimaraes","status":"publish","type":"post","link":"https:\/\/cofecon.org.br\/cofecon\/?p=14721","title":{"rendered":"Faleceu o economista Arthur Nemrod Menezes Guimar\u00e3es"},"content":{"rendered":"\n<p>Faleceu nesta ter\u00e7a-feira (18), aos 81 anos, o economista Arthur Nemrod Menezes Guimar\u00e3es. Tido como um dos economistas mais atuantes do Corecon-BA, Arthur Nemrod foi presidente do Regional nos anos de 2006 e 2007 e vice-presidente em 2011.<\/p>\n<p>&#8220;\u00c9 com imensa tristeza que este Conselho Federal tomou conhecimento do falecimento do Economista Arthur Nemrod Menezes Guimar\u00e3es, que atuou como conselheiro federal suplente no per\u00edodo de 2016 a 2018&#8221;, expressou o Cofecon em nota de pesar divulgada nesta quarta-feira (19). &#8220;Destaco o desempenho profissional e os relevantes servi\u00e7os prestados por Arthur Nemrod Menezes Guimar\u00e3es, ao tempo em que transmito os sentimentos de pesar e condol\u00eancias aos familiares e amigos&#8221;.<\/p>\n<p>Arthur sofria de c\u00e2ncer no es\u00f4fago e ser\u00e1 sepultado na quinta-feira (20), \u00e0s 13 horas, no cemit\u00e9rio Jardim da Saudade, em Salvador. Deixa esposa, tr\u00eas filhos e netos.<\/p>\n<p><strong>Trajet\u00f3ria<\/strong><\/p>\n<p>Em nota publicada em seu site, o Corecon-BA destaca que o economista &#8220;contribuiu com diversas iniciativas voltadas \u00e0 valoriza\u00e7\u00e3o da profiss\u00e3o, tendo como destaque a idealiza\u00e7\u00e3o do livro Reflex\u00f5es de Economistas Baianos, editado anualmente pelo Corecon-BA com artigos assinados por profissionais do estado que trabalham em diversas \u00e1reas&#8221;.<\/p>\n<p>A primeira edi\u00e7\u00e3o do livro foi publicada em 2001, em comemora\u00e7\u00e3o aos 50 anos da regulamenta\u00e7\u00e3o da profiss\u00e3o de Economista no Brasil. Paulo Dantas da Costa, conselheiro federal e ex-presidente do Cofecon, esteve junto a Arthur Nemrod na comiss\u00e3o respons\u00e1vel pelas comemora\u00e7\u00f5es no \u00e2mbito do Corecon-BA. &#8220;Essa foi uma iniciativa que teve sua participa\u00e7\u00e3o direta, a cria\u00e7\u00e3o desse instrumento de publica\u00e7\u00e3o das ci\u00eancias econ\u00f4micas, com uma s\u00e9rie de livros que trouxe textos de elevad\u00edssima qualidade&#8221;, expressou Dantas.<\/p>\n<p>Foi na gest\u00e3o de Nemrod como presidente do Corecon-BA que realizou-se o XVII Congresso Brasileiro de Economia, em 2007, sediado em Porto Seguro. O tema do evento foi: &#8220;Economia Brasileira:Trajet\u00f3rias de continuidade ou de Transforma\u00e7\u00e3o?&#8221;. Ao lembrar do per\u00edodo, Dantas destaca que &#8220;no desempenho das suas fun\u00e7\u00f5es sempre agiu com muita lisura e determina\u00e7\u00e3o, sempre muito sol\u00edcito e educado, essa era a marca de Arthur Nemrod&#8221;.<\/p>\n<p>No Cofecon, Nemrod foi conselheiro federal suplente de 2016 a 2018 e neste \u00faltimo ano foi membro da Comiss\u00e3o de Tomada de Contas. Dantas relembra a passagem do colega pelo Conselho Federal. &#8220;Ele desempenhou um papel muito importante no sentido de harmonizar as discuss\u00f5es mais acaloradas e mais s\u00e9rias, sempre com uma postura muito af\u00e1vel, muito educada. Esse era o Arthur Nemrod&#8221;, comenta o ex-presidente do Cofecon.<\/p>\n<p>No site do Corecon-BA, o vice-presidente do Regional, Gustavo Casseb Pessoti, expressou sua dor pela perda. \u201cSem nenhuma d\u00favida, foi um dos maiores amigos que a vida me deu. Ali\u00e1s, deu \u00e0 fam\u00edlia Pessoti, pois era grande amigo do meu pai tamb\u00e9m. Profissional renomado, servidor p\u00fablico de respeito, empres\u00e1rio de sucesso, foram alguns tra\u00e7os da brilhante carreira de Arthur. Um homem que lutou muito pela economia da Bahia e pelo Conselho Regional de Economia da Bahia e tamb\u00e9m no Conselho Federal de Economia. Perco uma refer\u00eancia de valor, um amigo leal e de grande considera\u00e7\u00e3o. Perdemos todos um homem de grande car\u00e1ter, que tanto dignificou a profiss\u00e3o de economista. Descanse em paz meu amigo querido. Seu legado ser\u00e1 sempre lembrado\u201d, afirmou Pessoti.<\/p>\n<p>&#8220;Os economistas baianos est\u00e3o de luto&#8221;, completa Dantas. &#8220;Ele era muito querido no meio dos profissionais baianos, junto aos quais desfrutava elevado conceito pela maneira muito gentil como sempre tratava as pessoas. Deixa uma lacuna que dificilmente ser\u00e1 preenchida. Deixa saudades o colega Arthur Nemrod&#8221;.<\/p>\n","protected":false},"excerpt":{"rendered":"","protected":false},"author":1,"featured_media":14722,"comment_status":"closed","ping_status":"closed","sticky":false,"template":"","format":"standard","meta":{"footnotes":""},"categories":[2],"tags":[],"class_list":["post-14721","post","type-post","status-publish","format-standard","has-post-thumbnail","hentry","category-noticias"],"_links":{"self":[{"href":"https:\/\/cofecon.org.br\/cofecon\/index.php?rest_route=\/wp\/v2\/posts\/14721"}],"collection":[{"href":"https:\/\/cofecon.org.br\/cofecon\/index.php?rest_route=\/wp\/v2\/posts"}],"about":[{"href":"https:\/\/cofecon.org.br\/cofecon\/index.php?rest_route=\/wp\/v2\/types\/post"}],"author":[{"embeddable":true,"href":"https:\/\/cofecon.org.br\/cofecon\/index.php?rest_route=\/wp\/v2\/users\/1"}],"replies":[{"embeddable":true,"href":"https:\/\/cofecon.org.br\/cofecon\/index.php?rest_route=%2Fwp%2Fv2%2Fcomments&post=14721"}],"version-history":[{"count":0,"href":"https:\/\/cofecon.org.br\/cofecon\/index.php?rest_route=\/wp\/v2\/posts\/14721\/revisions"}],"wp:featuredmedia":[{"embeddable":true,"href":"https:\/\/cofecon.org.br\/cofecon\/index.php?rest_route=\/wp\/v2\/media\/14722"}],"wp:attachment":[{"href":"https:\/\/cofecon.org.br\/cofecon\/index.php?rest_route=%2Fwp%2Fv2%2Fmedia&parent=14721"}],"wp:term":[{"taxonomy":"category","embeddable":true,"href":"https:\/\/cofecon.org.br\/cofecon\/index.php?rest_route=%2Fwp%2Fv2%2Fcategories&post=14721"},{"taxonomy":"post_tag","embeddable":true,"href":"https:\/\/cofecon.org.br\/cofecon\/index.php?rest_route=%2Fwp%2Fv2%2Ftags&post=14721"}],"curies":[{"name":"wp","href":"https:\/\/api.w.org\/{rel}","templated":true}]}}