{"id":14453,"date":"2021-04-13T11:44:47","date_gmt":"2021-04-13T14:44:47","guid":{"rendered":"https:\/\/www.cofecon.org.br\/?p=14453"},"modified":"2021-04-13T11:44:47","modified_gmt":"2021-04-13T14:44:47","slug":"lacerda-fala-sobre-cpi-da-covid-19-no-jornal-da-cultura","status":"publish","type":"post","link":"https:\/\/cofecon.org.br\/cofecon\/?p=14453","title":{"rendered":"Lacerda fala sobre CPI da covid-19 no Jornal da Cultura"},"content":{"rendered":"\n<p>O Presidente do Cofecon, Antonio Corr\u00eaa de Lacerda, e a microbiologista Natalia Pasternak, presidente do Instituto Quest\u00e3o de Ci\u00eancia, foram os convidados para comentar as not\u00edcias do Jornal da Cultura deste s\u00e1bado, 10 de abril. A \u00e2ncora, Ana Paula Couto, conduziu as discuss\u00f5es do programa.<\/p>\n<p>Sobre a Comiss\u00e3o Parlamentar de Inqu\u00e9rito que vai apurar eventuais omiss\u00f5es do Governo Federal no combate \u00e0 pandemia de covid-19 no Senado, Lacerda afirmou que em uma democracia deve prevalecer a liberdade e a harmonia entre os poderes. &#8220;Ningu\u00e9m est\u00e1 ferindo a harmonia e sim exercendo o papel de investigar o executivo. A pandemia afeta v\u00e1rios pa\u00edses, mas v\u00e1rios especialistas apontaram falhas grav\u00edssimas de gest\u00e3o, que partiram do Governo Federal&#8221;, explica o economista.<\/p>\n<p>&#8220;Para combater a pandemia \u00e9 preciso sanar os equ\u00edvocos e uma forma de press\u00e3o do Legislativo frente ao Executivo \u00e9 investigar os reais problemas&#8221;, disse Lacerda. Ele aponta tamb\u00e9m que a situa\u00e7\u00e3o atual agrava o quadro de desigualdade no Brasil. &#8220;Se for feito o corte entre v\u00edtimas, a maioria \u00e9 pobre, vive precariamente e n\u00e3o tem como fazer o isolamento social.&#8221;<\/p>\n<p>Para ele, \u00e9 preciso enfrentar a s\u00e9rio a pandemia. &#8220;As pessoas est\u00e3o morrendo n\u00e3o s\u00f3 pela pandemia, mas pelo efeito do n\u00e3o enfrentamento adequado ao v\u00edrus, como o corte no aux\u00edlio emergencial&#8221;, argumentou Lacerda. &#8220;Em meio ao caos, n\u00f3s ainda vemos imagens de negacionismo por parte do Presidente da Rep\u00fablica, que deveria estar conduzindo, com o Minist\u00e9rio da Sa\u00fade, as a\u00e7\u00f5es de enfrentamento \u00e0 pandemia, o que n\u00e3o vem ocorrendo&#8221;, afirmou Lacerda.<\/p>\n<p>Outros temas foram tratados no program e podem ser conferidos nos links abaixo:<\/p>\n<p><a href=\"https:\/\/youtu.be\/pUVJO1oDf5c?t=299\">https:\/\/youtu.be\/pUVJO1oDf5c?t=299<\/a> &#8211; CPI da Covid<br \/><a href=\"https:\/\/youtu.be\/pUVJO1oDf5c?t=428\">https:\/\/youtu.be\/pUVJO1oDf5c?t=428<\/a> &#8211; Crise do Pal\u00e1cio do Planalto com o STF <br \/><a href=\"https:\/\/youtu.be\/pUVJO1oDf5c?t=725\">https:\/\/youtu.be\/pUVJO1oDf5c?t=725<\/a> &#8211; Invers\u00e3o do n\u00famero de mortes e nascimentos <br \/><a href=\"https:\/\/youtu.be\/pUVJO1oDf5c?t=1012\">https:\/\/youtu.be\/pUVJO1oDf5c?t=1012<\/a> &#8211; Crise nos pre\u00e7os <br \/><a href=\"https:\/\/youtu.be\/pUVJO1oDf5c?t=1848\">https:\/\/youtu.be\/pUVJO1oDf5c?t=1848<\/a> &#8211; Impostos sobre livros<br \/><a href=\"https:\/\/youtu.be\/pUVJO1oDf5c?t=2168\">https:\/\/youtu.be\/pUVJO1oDf5c?t=2168<\/a> &#8211; Crise com os hospitais militares<br \/><a href=\"https:\/\/youtu.be\/pUVJO1oDf5c?t=2862\">https:\/\/youtu.be\/pUVJO1oDf5c?t=2862<\/a> &#8211; Banco Mundial envia dinheiro para pa\u00edses pobres<\/p>\n<p>Para entrevista na \u00edntegra, veja o v\u00eddeo abaixo.<\/p>\n<p><iframe loading=\"lazy\" title=\"YouTube video player\" src=\"\/\/www.youtube.com\/embed\/pUVJO1oDf5c\" width=\"560\" height=\"315\" frameborder=\"0\" allowfullscreen=\"allowfullscreen\"><\/iframe><\/p>\n","protected":false},"excerpt":{"rendered":"","protected":false},"author":1,"featured_media":14454,"comment_status":"closed","ping_status":"closed","sticky":false,"template":"","format":"standard","meta":{"footnotes":""},"categories":[2],"tags":[],"class_list":["post-14453","post","type-post","status-publish","format-standard","has-post-thumbnail","hentry","category-noticias"],"_links":{"self":[{"href":"https:\/\/cofecon.org.br\/cofecon\/index.php?rest_route=\/wp\/v2\/posts\/14453"}],"collection":[{"href":"https:\/\/cofecon.org.br\/cofecon\/index.php?rest_route=\/wp\/v2\/posts"}],"about":[{"href":"https:\/\/cofecon.org.br\/cofecon\/index.php?rest_route=\/wp\/v2\/types\/post"}],"author":[{"embeddable":true,"href":"https:\/\/cofecon.org.br\/cofecon\/index.php?rest_route=\/wp\/v2\/users\/1"}],"replies":[{"embeddable":true,"href":"https:\/\/cofecon.org.br\/cofecon\/index.php?rest_route=%2Fwp%2Fv2%2Fcomments&post=14453"}],"version-history":[{"count":0,"href":"https:\/\/cofecon.org.br\/cofecon\/index.php?rest_route=\/wp\/v2\/posts\/14453\/revisions"}],"wp:featuredmedia":[{"embeddable":true,"href":"https:\/\/cofecon.org.br\/cofecon\/index.php?rest_route=\/wp\/v2\/media\/14454"}],"wp:attachment":[{"href":"https:\/\/cofecon.org.br\/cofecon\/index.php?rest_route=%2Fwp%2Fv2%2Fmedia&parent=14453"}],"wp:term":[{"taxonomy":"category","embeddable":true,"href":"https:\/\/cofecon.org.br\/cofecon\/index.php?rest_route=%2Fwp%2Fv2%2Fcategories&post=14453"},{"taxonomy":"post_tag","embeddable":true,"href":"https:\/\/cofecon.org.br\/cofecon\/index.php?rest_route=%2Fwp%2Fv2%2Ftags&post=14453"}],"curies":[{"name":"wp","href":"https:\/\/api.w.org\/{rel}","templated":true}]}}