{"id":1432,"date":"2016-09-03T11:30:42","date_gmt":"2016-09-03T14:30:42","guid":{"rendered":"http:\/\/www.cofecon.org.br\/?p=1432"},"modified":"2016-09-03T11:30:42","modified_gmt":"2016-09-03T14:30:42","slug":"durante-o-since-natal-se-transformou-na-capital-dos-economistas","status":"publish","type":"post","link":"https:\/\/cofecon.org.br\/cofecon\/?p=1432","title":{"rendered":"Durante o SINCE, Natal se transformou na capital dos economistas"},"content":{"rendered":"<p style=\"text-align: justify;\"><img loading=\"lazy\" decoding=\"async\" class=\"size-medium wp-image-1433 alignleft\" src=\"http:\/\/www.cofecon.org.br\/wp-content\/uploads\/2017\/06\/114-300x171.jpg\" alt=\"\" width=\"300\" height=\"171\" srcset=\"https:\/\/cofecon.org.br\/cofecon\/wp-content\/uploads\/2017\/06\/114-300x171.jpg 300w, https:\/\/cofecon.org.br\/cofecon\/wp-content\/uploads\/2017\/06\/114.jpg 679w\" sizes=\"(max-width: 300px) 100vw, 300px\" \/>O XXV Simp\u00f3sio Nacional dos Conselhos de Economia, realizado em Natal, foi um sucesso de p\u00fablico e organiza\u00e7\u00e3o. A capital potiguar se tornou a capital dos economistas durante os tr\u00eas dias de evento, com a participa\u00e7\u00e3o de profissionais de todo o Brasil. Mais de 300 economistas se reuniram de 31 de agosto a 2 de setembro no Hotel Praiamar Natal Hotel &amp; Convention. No s\u00e1bado, 3 de setembro, ocorreram a Plen\u00e1ria Ampliada, com participa\u00e7\u00e3o dos presidentes dos Conselhos Regionais de Economia, e a Plen\u00e1ria do Cofecon, com a presen\u00e7a dos conselheiros federais.<\/p>\n<p style=\"text-align: justify;\">Ap\u00f3s dois dias de intensas discuss\u00f5es, os tr\u00eas grupos de trabalho apresentaram na Plen\u00e1ria as propostas que foram discutidas e avaliadas pelos delegados dos Conselhos Regionais de Economia, um total de 141 pessoas cadastradas nesta edi\u00e7\u00e3o do Simp\u00f3sio. Na Plen\u00e1ria de Encerramento, onde ocorreram as delibera\u00e7\u00f5es, a mesa diretiva foi composta pelo presidente do Cofecon, J\u00falio Miragaya; o presidente do CORECON-RN e organizador do XXV SINCE, Ricardo Val\u00e9rio Costa Menezes; o relator geral do SINCE, o conselheiro federal Ant\u00f4nio Melki J\u00fanior; e pelo secret\u00e1rio do SINCE, o conselheiro federal Nei Jorge Correia Cardim.<\/p>\n<p style=\"text-align: justify;\">O Grupo de Trabalho 1 \u2013 Forma\u00e7\u00e3o, Aperfei\u00e7oamento Profissional e Mercado de Trabalho do Economista, coordenado pela presidente do Conselho Regional de Economia do Rio Grande do Sul (CORECON-RS), recebeu 12 propostas. Entre as aprovadas, est\u00e1 a parceria entre CORECON-PR E Cofecon para desenvolver projeto piloto de Media\u00e7\u00e3o e Arbitragem. J\u00e1 o Grupo 2 tratou do Aperfei\u00e7oamento do Sistema Cofecon\/Corecons, coordenado pelo presidente do Conselho Regional de Economia do Rio de Janeiro (CORECON-RJ), Jos\u00e9 Lutterbach. Ao todo, 13 propostas foram enviadas pelos Regionais, tendo entre as aprovadas a cria\u00e7\u00e3o de um Cadastro Nacional com informa\u00e7\u00f5es b\u00e1sicas sobre os profissionais e empresas registrados nos Corecons.<\/p>\n<p style=\"text-align: justify;\">Por fim, o Grupo de Trabalho 3 concentrou as discuss\u00f5es em Estrutura, Conjuntura Econ\u00f4mica, Pol\u00edtica e Social do Brasil, as quais foram coordenadas pelo conselheiro federal R\u00f3ridan Duarte. Seis propostas foram enviadas pelos Regionais e aprovou-se a defens\u00e3o da redu\u00e7\u00e3o gradativa da taxa Selic como mecanismo de retomada do crescimento econ\u00f4mico e redu\u00e7\u00e3o da recess\u00e3o nacional. Ap\u00f3s as propostas foi apresentada, votada e aprovada uma Carta sobre conjuntura econ\u00f4mica e pol\u00edtica do Pa\u00eds. Clique AQUI para acess\u00e1-la.<\/p>\n<p style=\"text-align: justify;\">Ao final da apresenta\u00e7\u00e3o dos GTs, os Corecons de Mato Grosso do Sul e Rond\u00f4nia apresentaram candidatura manifestando interesse em sediar o pr\u00f3ximo Simp\u00f3sio, em 2018. Por vota\u00e7\u00e3o entre os presentes, Porto Velho foi escolhida como a nova sede do encontro, com 45 votos, enquanto Campo Grande recebeu 44 votos.<\/p>\n<p style=\"text-align: justify;\">O pr\u00f3ximo passo foi a entrega do Pr\u00eamio Personalidade Econ\u00f4mica ao economista Otaviano Canuto, diretor executivo do Banco Mundial para o Brasil e outros oito pa\u00edses. A honraria reconhece os economistas que contribu\u00edram para o desenvolvimento da Ci\u00eancia Econ\u00f4mica e da profiss\u00e3o de economista nas vertentes te\u00f3rica ou aplicada, com destaque no cen\u00e1rio nacional ou internacional, nas \u00e1reas do conhecimento cient\u00edfico, educacional, cultural e profissional. \u201cAs pessoas que j\u00e1 receberam o pr\u00eamio mostram o quanto ele \u00e9 valioso. \u00c9 um grande est\u00edmulo para manter elos com o meu Pa\u00eds, j\u00e1 que moro h\u00e1 muitos anos no exterior, e fazer o melhor por ele nas posi\u00e7\u00f5es profissionais que ocupo\u201d, afirmou.<\/p>\n<p style=\"text-align: justify;\">As duplas vencedoras da Gincana Nacional de Economia tamb\u00e9m foram premiadas durante a cerim\u00f4nia de encerramento. Os estudantes Bruno Toshio Ogava e Pedro Lima Coelho, da Universidade Federal de Pernambuco (UFPE) conquistaram o primeiro lugar na competi\u00e7\u00e3o. Em segundo, Juan Lucas Santiago de Souza e Luann Felipe de Moraes Lobo, da Universidade do Estado do Amazonas (UEA); em terceiro, Renan Costa Viana e Juliana dos Anjos Fonseca Rosa, da Universidade Federal do ABC; e, em quarto lugar, os alunos Leonardo de Castro Lima e Felipe Costa de Faria, da Universidade Federal do Rio de Janeiro (UFRJ).<\/p>\n","protected":false},"excerpt":{"rendered":"<p>O XXV Simp\u00f3sio Nacional dos Conselhos de Economia, realizado em Natal, foi um sucesso de p\u00fablico e organiza\u00e7\u00e3o. A capital potiguar se tornou a capital dos economistas durante os tr\u00eas dias de evento, com a participa\u00e7\u00e3o de profissionais de todo<\/p>\n<p><a class=\"more-link\" href=\"https:\/\/cofecon.org.br\/cofecon\/?p=1432\">Leia Mais<\/a><\/p>\n","protected":false},"author":1,"featured_media":0,"comment_status":"open","ping_status":"open","sticky":false,"template":"","format":"standard","meta":{"footnotes":""},"categories":[2],"tags":[],"class_list":["post-1432","post","type-post","status-publish","format-standard","hentry","category-noticias"],"_links":{"self":[{"href":"https:\/\/cofecon.org.br\/cofecon\/index.php?rest_route=\/wp\/v2\/posts\/1432"}],"collection":[{"href":"https:\/\/cofecon.org.br\/cofecon\/index.php?rest_route=\/wp\/v2\/posts"}],"about":[{"href":"https:\/\/cofecon.org.br\/cofecon\/index.php?rest_route=\/wp\/v2\/types\/post"}],"author":[{"embeddable":true,"href":"https:\/\/cofecon.org.br\/cofecon\/index.php?rest_route=\/wp\/v2\/users\/1"}],"replies":[{"embeddable":true,"href":"https:\/\/cofecon.org.br\/cofecon\/index.php?rest_route=%2Fwp%2Fv2%2Fcomments&post=1432"}],"version-history":[{"count":0,"href":"https:\/\/cofecon.org.br\/cofecon\/index.php?rest_route=\/wp\/v2\/posts\/1432\/revisions"}],"wp:attachment":[{"href":"https:\/\/cofecon.org.br\/cofecon\/index.php?rest_route=%2Fwp%2Fv2%2Fmedia&parent=1432"}],"wp:term":[{"taxonomy":"category","embeddable":true,"href":"https:\/\/cofecon.org.br\/cofecon\/index.php?rest_route=%2Fwp%2Fv2%2Fcategories&post=1432"},{"taxonomy":"post_tag","embeddable":true,"href":"https:\/\/cofecon.org.br\/cofecon\/index.php?rest_route=%2Fwp%2Fv2%2Ftags&post=1432"}],"curies":[{"name":"wp","href":"https:\/\/api.w.org\/{rel}","templated":true}]}}