{"id":1429,"date":"2016-09-02T11:28:23","date_gmt":"2016-09-02T14:28:23","guid":{"rendered":"http:\/\/www.cofecon.org.br\/?p=1429"},"modified":"2016-09-02T11:28:23","modified_gmt":"2016-09-02T14:28:23","slug":"painel-reune-mulheres-economistas-para-discutir-mercado-de-trabalho","status":"publish","type":"post","link":"https:\/\/cofecon.org.br\/cofecon\/?p=1429","title":{"rendered":"Painel re\u00fane mulheres economistas para discutir mercado de trabalho"},"content":{"rendered":"<p style=\"text-align: justify;\"><img loading=\"lazy\" decoding=\"async\" class=\"size-medium wp-image-1430 alignleft\" src=\"http:\/\/www.cofecon.org.br\/wp-content\/uploads\/2017\/06\/113-300x171.jpg\" alt=\"\" width=\"300\" height=\"171\" srcset=\"https:\/\/cofecon.org.br\/cofecon\/wp-content\/uploads\/2017\/06\/113-300x171.jpg 300w, https:\/\/cofecon.org.br\/cofecon\/wp-content\/uploads\/2017\/06\/113.jpg 679w\" sizes=\"(max-width: 300px) 100vw, 300px\" \/>Muito se questiona sobre o papel da mulher na sociedade, nos lares e nas profiss\u00f5es, mas, e quando essa mulher se aventura em \u00e1reas tidas como meio predominante de homens, como se v\u00ea?! Essa quest\u00e3o foi levantada e debatida no XXV Simp\u00f3sio Nacional dos Conselhos de Economia \u2013 SINCE, que vem sendo realizado em Natal-RN desde o \u00faltimo dia 31 de agosto e segue at\u00e9 este s\u00e1bado (3), no Praiamar Natal Hotel &amp; Convention atrav\u00e9s do Conselho Regional de Economia do Rio Grande do Norte \u2013 CORECON\/RN em parceria com o Conselho Federal de Economia \u2013 COFECON<\/p>\n<p style=\"text-align: justify;\">Pela primeira vez na capital potiguar, o evento tamb\u00e9m trouxe um painel de discuss\u00e3o in\u00e9dito nesta ter\u00e7a-feira, 2 de setembro, sobre \u201cA Mulher Economista no Mercado de Trabalho e nas Entidades Profissionais\u201d. Com mesa formada por sete economistas mulheres representando todos as regi\u00f5es brasileiras estiveram as conselheiras Bianca Lopes (CORECON-RO), como coordenadora, Celina Ramalho (CORECON-SP), Denise Kassama (CORECON-AM), Fab\u00edola Andr\u00e9a, (CORECON-RN) e as presidentes Simone Magalh\u00e3es (CORECON-RS), Maria Cristina Ara\u00fajo (CORECON-DF) e Ana Cl\u00e1udia Arruda (CORECON-PE).<\/p>\n<p style=\"text-align: justify;\">Dentre os destaques da mesa, a conselheira Bianca Lopes exp\u00f4s, em n\u00fameros, a participa\u00e7\u00e3o da mulher no mercado econ\u00f4mico, que registra 74,01% dos homens no mercado, enquanto apenas 25,99% s\u00e3o mulheres. J\u00e1 por regi\u00e3o, o Norte \u00e9 onde tem maior n\u00famero de mulheres na economia, seguido do Nordeste, Centro-Oeste, Sul e, por \u00faltimo, o Sudeste. \u201cEmbora a participa\u00e7\u00e3o da mulher seja ainda reduzida, tivemos sete delas premiadas no Pr\u00eamio Brasil de Economia deste, de um total de 15 participantes\u201d, comenta Bianca Lopes.<\/p>\n<p style=\"text-align: justify;\">A conselheira do CORECON-RN e sub-coordenadora do SINCE, Fab\u00edola Andr\u00e9a Leite, contou que tem intensiva participa\u00e7\u00e3o no Sistema Cofecon\/Corecons h\u00e1 muitos anos e nunca se sentiu discriminada, apesar do ambiente ser predominantemente masculino.<\/p>\n<p style=\"text-align: justify;\">Ao final do painel, foi aberta sess\u00e3o para perguntas e opini\u00f5es. \u201cTemos que quebrar paradigmas e colocar a mulher \u00e0 frente da sociedade. N\u00e3o podemos tratar como problema isolado da mulher, isso precisa se entender a todos\u201d. Acrescenta a economista Terezinha Ferreira presente no debate. Entre plateia, estiveram os presidentes J\u00falio Miragaya, do COFECON e Ricardo Val\u00e9rio, CORECON-RN.<\/p>\n","protected":false},"excerpt":{"rendered":"<p>Muito se questiona sobre o papel da mulher na sociedade, nos lares e nas profiss\u00f5es, mas, e quando essa mulher se aventura em \u00e1reas tidas como meio predominante de homens, como se v\u00ea?! Essa quest\u00e3o foi levantada e debatida no<\/p>\n<p><a class=\"more-link\" href=\"https:\/\/cofecon.org.br\/cofecon\/?p=1429\">Leia Mais<\/a><\/p>\n","protected":false},"author":1,"featured_media":0,"comment_status":"open","ping_status":"open","sticky":false,"template":"","format":"standard","meta":{"footnotes":""},"categories":[2],"tags":[],"class_list":["post-1429","post","type-post","status-publish","format-standard","hentry","category-noticias"],"_links":{"self":[{"href":"https:\/\/cofecon.org.br\/cofecon\/index.php?rest_route=\/wp\/v2\/posts\/1429"}],"collection":[{"href":"https:\/\/cofecon.org.br\/cofecon\/index.php?rest_route=\/wp\/v2\/posts"}],"about":[{"href":"https:\/\/cofecon.org.br\/cofecon\/index.php?rest_route=\/wp\/v2\/types\/post"}],"author":[{"embeddable":true,"href":"https:\/\/cofecon.org.br\/cofecon\/index.php?rest_route=\/wp\/v2\/users\/1"}],"replies":[{"embeddable":true,"href":"https:\/\/cofecon.org.br\/cofecon\/index.php?rest_route=%2Fwp%2Fv2%2Fcomments&post=1429"}],"version-history":[{"count":0,"href":"https:\/\/cofecon.org.br\/cofecon\/index.php?rest_route=\/wp\/v2\/posts\/1429\/revisions"}],"wp:attachment":[{"href":"https:\/\/cofecon.org.br\/cofecon\/index.php?rest_route=%2Fwp%2Fv2%2Fmedia&parent=1429"}],"wp:term":[{"taxonomy":"category","embeddable":true,"href":"https:\/\/cofecon.org.br\/cofecon\/index.php?rest_route=%2Fwp%2Fv2%2Fcategories&post=1429"},{"taxonomy":"post_tag","embeddable":true,"href":"https:\/\/cofecon.org.br\/cofecon\/index.php?rest_route=%2Fwp%2Fv2%2Ftags&post=1429"}],"curies":[{"name":"wp","href":"https:\/\/api.w.org\/{rel}","templated":true}]}}