{"id":1426,"date":"2016-09-01T11:26:46","date_gmt":"2016-09-01T14:26:46","guid":{"rendered":"http:\/\/www.cofecon.org.br\/?p=1426"},"modified":"2016-09-01T11:26:46","modified_gmt":"2016-09-01T14:26:46","slug":"palestra-central-do-simposio-debateu-os-desafios-da-economia-brasileira","status":"publish","type":"post","link":"https:\/\/cofecon.org.br\/cofecon\/?p=1426","title":{"rendered":"Palestra Central do Simp\u00f3sio debateu os Desafios da Economia Brasileira"},"content":{"rendered":"<p style=\"text-align: justify;\"><img loading=\"lazy\" decoding=\"async\" class=\"size-medium wp-image-1427 alignleft\" src=\"http:\/\/www.cofecon.org.br\/wp-content\/uploads\/2017\/06\/112-300x171.jpg\" alt=\"\" width=\"300\" height=\"171\" srcset=\"https:\/\/cofecon.org.br\/cofecon\/wp-content\/uploads\/2017\/06\/112-300x171.jpg 300w, https:\/\/cofecon.org.br\/cofecon\/wp-content\/uploads\/2017\/06\/112.jpg 679w\" sizes=\"(max-width: 300px) 100vw, 300px\" \/>Previd\u00eancia, reforma, aposentadoria, idade m\u00ednima, crise, solu\u00e7\u00f5es. Foi com base nesses e em outros temas que teve in\u00edcio o XXV Simp\u00f3sio Nacional dos Conselhos de Economia, realizado pelo Conselho Regional de Economia do Rio Grande do Norte \u2013 CORECON\/RN em parceria com o Conselho Federal de Economia \u2013 COFECON. Desde a noite de quarta-feira (31), Natal mudou seu cen\u00e1rio e se transformou na capital brasileira dos economistas e segue assim at\u00e9 o dia 3 de setembro.<\/p>\n<p style=\"text-align: justify;\">Ap\u00f3s a abertura que contou com a presen\u00e7a de representantes nacionais, estaduais e locais, ocorrida no Praiamar Natal Hotel, foi dada a largada para questionamentos, sa\u00eddas e expectativas econ\u00f4micas com o in\u00edcio da Palestra Central, \u201cDesafios da Economia Brasileira: Previd\u00eancia e Assist\u00eancia Social como Instrumento para a redu\u00e7\u00e3o da desigualdade no Brasil\u201d.<\/p>\n<p style=\"text-align: justify;\">Como palestrante, o t\u00e9cnico de Planejamento e Pesquisa no Instituto de Pesquisa Econ\u00f4mica Aplicada (IPEA); como mediador, o presidente do COFECON, J\u00falio Miragaya e os debatedores Roberto Piscitelli, conselheiro do CORECON-DF e Rog\u00e9rio Costanzi, Especialista em Pol\u00edticas P\u00fablicas e Gest\u00e3o do IPEA.<\/p>\n<p style=\"text-align: justify;\">Com uma situa\u00e7\u00e3o econ\u00f4mica complicada, que reflete ativamente no or\u00e7amento previdenci\u00e1rio, desde os anos 80, os economistas de todo o Pa\u00eds buscam formas e solu\u00e7\u00f5es para auxiliar na mudan\u00e7a e melhoria deste cen\u00e1rio atual. \u201cO nosso grande problema \u00e9 a crise econ\u00f4mica e que naturalmente aperta a nossa previd\u00eancia\u201d, explica Milko Matijascic.<\/p>\n<p style=\"text-align: justify;\">Esse \u2018\u2018aperto\u2019\u2019 previdenci\u00e1rio se d\u00e1 pelo desequil\u00edbrio not\u00f3rio que \u00e9 a desigualdade de benefici\u00e1rios em rela\u00e7\u00e3o a classe contribuinte da popula\u00e7\u00e3o brasileira. No Brasil, atualmente, apenas 31,4% contribuem sobre uma popula\u00e7\u00e3o de 15 a 65 anos. \u201cA previd\u00eancia garante uma boa condi\u00e7\u00e3o de vida no futuro, quanto mais se contribui mais se ganha e isso n\u00e3o vem acontecendo, pois temos uma popula\u00e7\u00e3o benefici\u00e1ria, seja por aposentadoria, pens\u00e3o ou afins, superior a ativamente contribuinte\u201d, complementou Milko Matijascic.<\/p>\n<p style=\"text-align: justify;\">Outro detalhe relevante destacado durante a palestra foi a car\u00eancia de assist\u00eancias sociais quando falamos de um Pa\u00eds com uma expectativa de vida alta. De acordo com o IBGE, a m\u00e9dia de vida de um cidad\u00e3o brasileiro \u00e9 de 72,7 anos, que apesar do aumento nos \u00edndices do indicador social, permite o surgimento de uma grande preocupa\u00e7\u00e3o quanto a sustenta\u00e7\u00e3o previdenci\u00e1ria.<\/p>\n<p style=\"text-align: justify;\">Para Roberto Piscitelli, conselheiro do Corecon-DF, o pa\u00eds entra na contradi\u00e7\u00e3o quando se posiciona como o que mais reduziu os \u00edndices de pobreza, no entanto, hoje \u00e9 um dos mais afetados pela crise econ\u00f4mica e pol\u00edtica. No Brasil, a despesa com a Previd\u00eancia Social encontra-se no patamar de 12% do PIB, que representa, assustadoramente, mais da metade da despesa prim\u00e1ria da uni\u00e3o.<\/p>\n<p style=\"text-align: justify;\">Para garantir o equil\u00edbrio entre adequa\u00e7\u00e3o e sustentabilidade fiscal a m\u00e9dio e longo prazo, alguns detalhes t\u00eam que ser levados em considera\u00e7\u00e3o. \u201cCom ado\u00e7\u00f5es e implementa\u00e7\u00f5es de pol\u00edticas p\u00fablicas na \u00e1rea da assist\u00eancia social e da formaliza\u00e7\u00e3o das rela\u00e7\u00f5es de trabalho e de combate \u00e0 perda prematura da capacidade de trabalho seria poss\u00edvel elevar a rela\u00e7\u00e3o entre benef\u00edcios e contribui\u00e7\u00e3o e assim modificar a conjuntura que afeta negativamente o cen\u00e1rio atual\u201d, finalizou Rog\u00e9rio Costanzi.<\/p>\n<p>&nbsp;<\/p>\n<p>&nbsp;<\/p>\n","protected":false},"excerpt":{"rendered":"<p>Previd\u00eancia, reforma, aposentadoria, idade m\u00ednima, crise, solu\u00e7\u00f5es. Foi com base nesses e em outros temas que teve in\u00edcio o XXV Simp\u00f3sio Nacional dos Conselhos de Economia, realizado pelo Conselho Regional de Economia do Rio Grande do Norte \u2013 CORECON\/RN em<\/p>\n<p><a class=\"more-link\" href=\"https:\/\/cofecon.org.br\/cofecon\/?p=1426\">Leia Mais<\/a><\/p>\n","protected":false},"author":1,"featured_media":0,"comment_status":"open","ping_status":"open","sticky":false,"template":"","format":"standard","meta":{"footnotes":""},"categories":[2],"tags":[],"class_list":["post-1426","post","type-post","status-publish","format-standard","hentry","category-noticias"],"_links":{"self":[{"href":"https:\/\/cofecon.org.br\/cofecon\/index.php?rest_route=\/wp\/v2\/posts\/1426"}],"collection":[{"href":"https:\/\/cofecon.org.br\/cofecon\/index.php?rest_route=\/wp\/v2\/posts"}],"about":[{"href":"https:\/\/cofecon.org.br\/cofecon\/index.php?rest_route=\/wp\/v2\/types\/post"}],"author":[{"embeddable":true,"href":"https:\/\/cofecon.org.br\/cofecon\/index.php?rest_route=\/wp\/v2\/users\/1"}],"replies":[{"embeddable":true,"href":"https:\/\/cofecon.org.br\/cofecon\/index.php?rest_route=%2Fwp%2Fv2%2Fcomments&post=1426"}],"version-history":[{"count":0,"href":"https:\/\/cofecon.org.br\/cofecon\/index.php?rest_route=\/wp\/v2\/posts\/1426\/revisions"}],"wp:attachment":[{"href":"https:\/\/cofecon.org.br\/cofecon\/index.php?rest_route=%2Fwp%2Fv2%2Fmedia&parent=1426"}],"wp:term":[{"taxonomy":"category","embeddable":true,"href":"https:\/\/cofecon.org.br\/cofecon\/index.php?rest_route=%2Fwp%2Fv2%2Fcategories&post=1426"},{"taxonomy":"post_tag","embeddable":true,"href":"https:\/\/cofecon.org.br\/cofecon\/index.php?rest_route=%2Fwp%2Fv2%2Ftags&post=1426"}],"curies":[{"name":"wp","href":"https:\/\/api.w.org\/{rel}","templated":true}]}}