{"id":14226,"date":"2021-03-15T10:52:43","date_gmt":"2021-03-15T13:52:43","guid":{"rendered":"https:\/\/www.cofecon.org.br\/?p=14226"},"modified":"2021-03-15T10:52:43","modified_gmt":"2021-03-15T13:52:43","slug":"cofecon-realizara-live-sobre-as-reiteradas-tentativas-de-silenciar-mulheres","status":"publish","type":"post","link":"https:\/\/cofecon.org.br\/cofecon\/?p=14226","title":{"rendered":"Cofecon realizar\u00e1 live sobre &#8220;As (reiteradas) tentativas de silenciar mulheres&#8221;"},"content":{"rendered":"\n<p><img loading=\"lazy\" decoding=\"async\" class=\"size-medium wp-image-14229 alignleft\" src=\"https:\/\/www.cofecon.org.br\/wp-content\/uploads\/2021\/03\/live-card-300x300.png\" alt=\"\" width=\"300\" height=\"300\" srcset=\"https:\/\/cofecon.org.br\/cofecon\/wp-content\/uploads\/2021\/03\/live-card-300x300.png 300w, https:\/\/cofecon.org.br\/cofecon\/wp-content\/uploads\/2021\/03\/live-card-1024x1024.png 1024w, https:\/\/cofecon.org.br\/cofecon\/wp-content\/uploads\/2021\/03\/live-card-150x150.png 150w, https:\/\/cofecon.org.br\/cofecon\/wp-content\/uploads\/2021\/03\/live-card-768x768.png 768w, https:\/\/cofecon.org.br\/cofecon\/wp-content\/uploads\/2021\/03\/live-card-800x800.png 800w, https:\/\/cofecon.org.br\/cofecon\/wp-content\/uploads\/2021\/03\/live-card-250x250.png 250w, https:\/\/cofecon.org.br\/cofecon\/wp-content\/uploads\/2021\/03\/live-card.png 1500w\" sizes=\"(max-width: 300px) 100vw, 300px\" \/>Debater sobre \u201cAs (reiteradas) tentativas de silenciar mulheres\u201d \u00e9 um movimento atual, necess\u00e1rio e urgente. Por isso, no \u00e2mbito das comemora\u00e7\u00f5es do Dia Internacional da Mulher, o Conselho Federal de Economia \u2013 Cofecon \u2013 realizar\u00e1 uma live, no dia 22 de mar\u00e7o, \u00e0s 17 horas.<\/p>\n<p>O evento contar\u00e1 com a participa\u00e7\u00e3o da advogada Gabriela Araujo, Doutoranda em Direito Constitucional e coordenadora do N\u00facleo de Mem\u00f3ria da Comiss\u00e3o de Direitos Humanos da OAB\/SP. Autora, em conjunto com as advogadas Ma\u00edra Bayod e Priscila Santos, do artigo \u201cAs (reiteradas) tentativas de silenciar mulheres\u201d, publicado recentemente no jornal Folha de S. Paulo, Gabriela ressalta a import\u00e2ncia do debate para que o g\u00eanero feminino conquiste sua voz.<\/p>\n<p>As economistas Ana Cl\u00e1udia Arruda, ex-presidente do Corecon-PE e Conselheira Federal do Cofecon, e Cristiane Menezes David, que no Corecon-SP coordenou a \u00e1rea de indicadores econ\u00f4micos, tamb\u00e9m participam da discuss\u00e3o e fortalecem a iniciativa.<\/p>\n<p>O evento contar\u00e1 com a apresenta\u00e7\u00e3o e media\u00e7\u00e3o de M\u00f4nica Beraldo, Conselheira Federal e Coordenadora da Comiss\u00e3o Mulher Economista do Cofecon, al\u00e9m de presidente do Clube Soroptimista Internacional de Bras\u00edlia e diretora de comunica\u00e7\u00e3o da Associa\u00e7\u00e3o das Soroptimistas do DF \u2013 Brasil.<\/p>\n<p>Clique <a href=\"https:\/\/www.youtube.com\/watch?v=AGTnxLxwOpg\">aqui<\/a> e assista \u00e0 transmiss\u00e3o pelo canal do Cofecon no YouTube.<\/p>\n","protected":false},"excerpt":{"rendered":"","protected":false},"author":1,"featured_media":14227,"comment_status":"closed","ping_status":"closed","sticky":false,"template":"","format":"standard","meta":{"footnotes":""},"categories":[9,2],"tags":[],"class_list":["post-14226","post","type-post","status-publish","format-standard","has-post-thumbnail","hentry","category-mulhereconomista","category-noticias"],"_links":{"self":[{"href":"https:\/\/cofecon.org.br\/cofecon\/index.php?rest_route=\/wp\/v2\/posts\/14226"}],"collection":[{"href":"https:\/\/cofecon.org.br\/cofecon\/index.php?rest_route=\/wp\/v2\/posts"}],"about":[{"href":"https:\/\/cofecon.org.br\/cofecon\/index.php?rest_route=\/wp\/v2\/types\/post"}],"author":[{"embeddable":true,"href":"https:\/\/cofecon.org.br\/cofecon\/index.php?rest_route=\/wp\/v2\/users\/1"}],"replies":[{"embeddable":true,"href":"https:\/\/cofecon.org.br\/cofecon\/index.php?rest_route=%2Fwp%2Fv2%2Fcomments&post=14226"}],"version-history":[{"count":0,"href":"https:\/\/cofecon.org.br\/cofecon\/index.php?rest_route=\/wp\/v2\/posts\/14226\/revisions"}],"wp:featuredmedia":[{"embeddable":true,"href":"https:\/\/cofecon.org.br\/cofecon\/index.php?rest_route=\/wp\/v2\/media\/14227"}],"wp:attachment":[{"href":"https:\/\/cofecon.org.br\/cofecon\/index.php?rest_route=%2Fwp%2Fv2%2Fmedia&parent=14226"}],"wp:term":[{"taxonomy":"category","embeddable":true,"href":"https:\/\/cofecon.org.br\/cofecon\/index.php?rest_route=%2Fwp%2Fv2%2Fcategories&post=14226"},{"taxonomy":"post_tag","embeddable":true,"href":"https:\/\/cofecon.org.br\/cofecon\/index.php?rest_route=%2Fwp%2Fv2%2Ftags&post=14226"}],"curies":[{"name":"wp","href":"https:\/\/api.w.org\/{rel}","templated":true}]}}