{"id":1416,"date":"2016-09-01T11:20:21","date_gmt":"2016-09-01T14:20:21","guid":{"rendered":"http:\/\/www.cofecon.org.br\/?p=1416"},"modified":"2016-09-01T11:20:21","modified_gmt":"2016-09-01T14:20:21","slug":"cerimonia-de-abertura-do-since-reuniu-300-pessoas-em-natal","status":"publish","type":"post","link":"https:\/\/cofecon.org.br\/cofecon\/?p=1416","title":{"rendered":"Cerim\u00f4nia de abertura do SINCE reuniu 300 pessoas em Natal"},"content":{"rendered":"<p style=\"text-align: justify;\"><img loading=\"lazy\" decoding=\"async\" class=\"size-medium wp-image-1419 alignleft\" src=\"http:\/\/www.cofecon.org.br\/wp-content\/uploads\/2017\/06\/110-300x171.jpg\" alt=\"\" width=\"300\" height=\"171\" srcset=\"https:\/\/cofecon.org.br\/cofecon\/wp-content\/uploads\/2017\/06\/110-300x171.jpg 300w, https:\/\/cofecon.org.br\/cofecon\/wp-content\/uploads\/2017\/06\/110.jpg 679w\" sizes=\"(max-width: 300px) 100vw, 300px\" \/>Cerca de 300 pessoas prestigiaram a cerim\u00f4nia de abertura do XXV Simp\u00f3sio Nacional dos Conselhos de Economia (SINCE), realizado em Natal (RN) nesta quarta-feira, 31 de agosto. O evento re\u00fane, bienalmente, economistas para examinar e debater quest\u00f5es relativas \u00e0 atua\u00e7\u00e3o e aperfei\u00e7oamento do Sistema Cofecon\/Corecons, bem como a atua\u00e7\u00e3o profissional dos economistas. O tema central desta edi\u00e7\u00e3o \u00e9 \u201cDesafios da Economia Brasileira\u201d e a programa\u00e7\u00e3o segue at\u00e9 sexta-feira, 2 de setembro.<\/p>\n<p style=\"text-align: justify;\">O in\u00edcio da cerim\u00f4nia foi marcado pela apresenta\u00e7\u00e3o do coral Camerata de Vozes do Rio Grande do Norte, que entoou can\u00e7\u00f5es como \u201cAve Maria\u201d e \u201cMulher Rendeira\u201d, emocionando o p\u00fablico presente. A mesa diretiva do evento foi composta pelo presidente do Conselho Federal de Economia, J\u00falio Miragaya; o presidente do Conselho Regional de Economia do Rio Grande do Norte (Corecon-RN) e coordenador da comiss\u00e3o organizadora do evento, Ricardo Val\u00e9rio Costa Menezes; o superintendente de Rela\u00e7\u00f5es Institucionais e de Mercado Helder Maranh\u00e3o, representando o presidente da Federa\u00e7\u00e3o das Ind\u00fastrias do Rio Grande do Norte, Amaro Sales de Ara\u00fajo; o presidente da Ordem dos Economistas do Brasil, Manuel Enr\u00edquez Garcia; o presidente da Federa\u00e7\u00e3o Nacional dos Economistas, Juarez Trevisan; o superintendente estadual do Banco do Nordeste, Jos\u00e9 Mendes Batista; e o diretor Geraldo Paiva, representando o presidente da Fecom\u00e9rcio RN, Marcelo Queiroz.<\/p>\n<p style=\"text-align: justify;\">Em seu discurso, o presidente do Corecon-RN ressaltou que esta \u00e9 a primeira vez que o Simp\u00f3sio \u00e9 realizado no Nordeste e destacou a fama de bons anfitri\u00f5es atribu\u00edda aos potiguares. Contou tamb\u00e9m algumas curiosidades sobre o estado, ressaltou a import\u00e2ncia de mulheres para a hist\u00f3ria do Pa\u00eds, como a conterr\u00e2nea N\u00edsia Floresta, e destacou a descrimina\u00e7\u00e3o com as regi\u00f5es Norte e Nordeste como um desafio a ser superado. \u201cManifesto nossa indigna\u00e7\u00e3o contra a seca de investimentos e eterna discrimina\u00e7\u00e3o com nossas regi\u00f5es que t\u00eam enorme potencial econ\u00f4mico e tur\u00edstico, al\u00e9m de um povo trabalhador e determinado a vencer. Isto alimenta uma enorme concentra\u00e7\u00e3o da renda q gera tanta injusti\u00e7a social e falta de oportunidades\u201d, opinou.<\/p>\n<p style=\"text-align: justify;\">O presidente do Cofecon destacou a necessidade dos economistas de posicionarem sobre as principais quest\u00f5es econ\u00f4micas do Pa\u00eds e lembrou que o Cofecon tem se esfor\u00e7ado para ampliar a participa\u00e7\u00e3o no debate nacional, por meio da divulga\u00e7\u00e3o de notas t\u00e9cnicas a cada plen\u00e1ria. Lembrou que a data do evento \u00e9 hist\u00f3rica por conta do impeachment da presidente Dilma Rousseff, consumado nesta quarta-feira. \u201cN\u00f3s, como economistas, devemos estar atentos ao que vai acontecer a partir de agora. \u00c9 importante para n\u00f3s termos claro que todos queremos a retomada do crescimento econ\u00f4mico. A discuss\u00e3o que vamos travar \u00e9 como essa retomada se dar\u00e1. N\u00e3o podemos querer a retomada do crescimento a qualquer custo, desprezando todos os ganhos sociais que tivemos nos \u00faltimos anos\u201d, afirmou.<\/p>\n<p style=\"text-align: justify;\">Em seguida, foram premiados os vencedores do Pr\u00eamio Brasil de Economia, criado na segunda metade dos anos oitenta para estimular a produ\u00e7\u00e3o acad\u00eamica e a dissemina\u00e7\u00e3o da boa t\u00e9cnica econ\u00f4mica. Foram premiados trabalhos nas seguintes categorias: monografia de gradua\u00e7\u00e3o, artigo t\u00e9cnico ou cient\u00edfico, disserta\u00e7\u00e3o de mestrado, tese de doutorado e livro de Economia. Tamb\u00e9m foi entregue a honraria Destaque Econ\u00f4mico do Ano 2015. Na modalidade Academia, Paulo S\u00e9rgio Fracalanza representou a Universidade de Campinas. \u201cFicamos comovidos, convictos e convencidos de que estamos no caminho certo. O instituto de pesquisa em economia conta com mais de 70 doutores, mais de 600 alunos de gradua\u00e7\u00e3o e quase 250 alunos de p\u00f3s-gradua\u00e7\u00e3o, e aqui represento todos eles. Estamos empenhados em pesquisar sobre as ra\u00edzes do subdesenvolvimento, as armadilhas da pobreza e origens da desigualdade \u00e9tnica, de g\u00eanero, de renda e regional\u201d, destacou Paulo S\u00e9rgio Fracalanza.<\/p>\n<p style=\"text-align: justify;\">O editor-executivo do jornal Valor Econ\u00f4mico, Pedro Cafardo, recebeu a homenagem Destaque Econ\u00f4mico na modalidade M\u00eddia. \u201cEconomistas s\u00e3o nossa principal fonte. Quando somos premiados por eles, o que j\u00e1 acontece pela terceira vez, entendemos que estamos no caminho certo, desempenhando um bom trabalho e transmitindo bem as informa\u00e7\u00f5es para a popula\u00e7\u00e3o\u201d, comemorou. O coordenador de Contas Nacionais do Instituto Brasileiro de Geografia e Estat\u00edstica (IBGE), Roberto Luis Olinto Ramos, recebeu a honraria na modalidade Desempenho T\u00e9cnico e o economista Jos\u00e9 Santana da Costa recebeu homenagem em reconhecimento \u00e0s suas relevantes contribui\u00e7\u00f5es \u00e0 Ci\u00eancia Econ\u00f4mica e ao trabalho em prol da categoria dos economistas.<\/p>\n<p style=\"text-align: justify;\">Ao final das premia\u00e7\u00f5es, houve palestra \u201cDesafios da Economia Brasileira: previd\u00eancia e assist\u00eancia social como instrumento para a redu\u00e7\u00e3o da desigualdade no Brasil\u201d, ministrada pelo economista Milko Matijascic que teve Rog\u00e9rio Nagamine Costanzi e Roberto Piscitelli como debatedores e mesa coordenada pelo presidente do Cofecon, J\u00falio Miragaya.<\/p>\n","protected":false},"excerpt":{"rendered":"<p>Cerca de 300 pessoas prestigiaram a cerim\u00f4nia de abertura do XXV Simp\u00f3sio Nacional dos Conselhos de Economia (SINCE), realizado em Natal (RN) nesta quarta-feira, 31 de agosto. O evento re\u00fane, bienalmente, economistas para examinar e debater quest\u00f5es relativas \u00e0 atua\u00e7\u00e3o<\/p>\n<p><a class=\"more-link\" href=\"https:\/\/cofecon.org.br\/cofecon\/?p=1416\">Leia Mais<\/a><\/p>\n","protected":false},"author":1,"featured_media":0,"comment_status":"open","ping_status":"open","sticky":false,"template":"","format":"standard","meta":{"footnotes":""},"categories":[2],"tags":[],"class_list":["post-1416","post","type-post","status-publish","format-standard","hentry","category-noticias"],"_links":{"self":[{"href":"https:\/\/cofecon.org.br\/cofecon\/index.php?rest_route=\/wp\/v2\/posts\/1416"}],"collection":[{"href":"https:\/\/cofecon.org.br\/cofecon\/index.php?rest_route=\/wp\/v2\/posts"}],"about":[{"href":"https:\/\/cofecon.org.br\/cofecon\/index.php?rest_route=\/wp\/v2\/types\/post"}],"author":[{"embeddable":true,"href":"https:\/\/cofecon.org.br\/cofecon\/index.php?rest_route=\/wp\/v2\/users\/1"}],"replies":[{"embeddable":true,"href":"https:\/\/cofecon.org.br\/cofecon\/index.php?rest_route=%2Fwp%2Fv2%2Fcomments&post=1416"}],"version-history":[{"count":0,"href":"https:\/\/cofecon.org.br\/cofecon\/index.php?rest_route=\/wp\/v2\/posts\/1416\/revisions"}],"wp:attachment":[{"href":"https:\/\/cofecon.org.br\/cofecon\/index.php?rest_route=%2Fwp%2Fv2%2Fmedia&parent=1416"}],"wp:term":[{"taxonomy":"category","embeddable":true,"href":"https:\/\/cofecon.org.br\/cofecon\/index.php?rest_route=%2Fwp%2Fv2%2Fcategories&post=1416"},{"taxonomy":"post_tag","embeddable":true,"href":"https:\/\/cofecon.org.br\/cofecon\/index.php?rest_route=%2Fwp%2Fv2%2Ftags&post=1416"}],"curies":[{"name":"wp","href":"https:\/\/api.w.org\/{rel}","templated":true}]}}