{"id":1410,"date":"2016-12-29T11:17:45","date_gmt":"2016-12-29T13:17:45","guid":{"rendered":"http:\/\/www.cofecon.org.br\/?p=1410"},"modified":"2016-12-29T11:17:45","modified_gmt":"2016-12-29T13:17:45","slug":"piorou-com-temer-4-etica","status":"publish","type":"post","link":"https:\/\/cofecon.org.br\/cofecon\/?p=1410","title":{"rendered":"Artigo &#8211; Piorou com Temer 4 &#8211; \u00c9tica"},"content":{"rendered":"<p style=\"text-align: justify;\">Nesse \u00faltimo artigo de balan\u00e7o dos oito meses do Governo Temer, abordo a dimens\u00e3o \u00e9tica. Penso que n\u00e3o pode ter passado pela cabe\u00e7a de qualquer pessoa s\u00e3 que o Governo Temer promoveria uma limpeza \u00e9tica no pa\u00eds tendo conhecimento do Minist\u00e9rio por ele formado, a come\u00e7ar pelo seu quarteto de ferro.<\/p>\n<p style=\"text-align: justify;\">A verdade \u00e9 que \u00e9tica e capitalismo s\u00e3o como \u00e1gua e vinho. Mas h\u00e1 a \u201c\u00e9tica do capital\u201d &#8211; num mundo de dom\u00ednio completo do capital financeiro e progressiva carteliza\u00e7\u00e3o dos diversos setores da economia &#8211; que consiste em maximizar seus lucros, mesmo que retirando-se direitos sociais e comprimindo-se sal\u00e1rios, resultando num aumento brutal da j\u00e1 extrema desigualdade social.<\/p>\n<p style=\"text-align: justify;\">Quando a crise fiscal despontou em 2014 no Brasil, o capital financeiro imp\u00f4s \u00e0 Dilma a indica\u00e7\u00e3o de Levy para promover um forte ajuste fiscal que garantisse tranquilidade aos investidores\/especuladores. Ela bem que tentou, lamentavelmente, mas sua base social resistiu, ela titubeou e foi \u201cexonerada\u201d do cargo.<\/p>\n<p style=\"text-align: justify;\">Consumado o golpe, Temer recebeu da \u201cjunta financeira\u201d a mesma miss\u00e3o, um ajuste fiscal assentado numa brutal redu\u00e7\u00e3o dos gastos sociais. Da\u00ed adviram a PEC 55 e as reformas previdenci\u00e1ria e trabalhista. Embora 77% dos brasileiros, segundo o Datafolha, entendam que a PEC 55 trar\u00e1 preju\u00edzos ao pa\u00eds e ao povo, a \u201c\u00e9tica do capital\u201d \u201cseduziu\u201d parlamentares, ju\u00edzes e at\u00e9 bons economistas.<\/p>\n<p style=\"text-align: justify;\">Triste assistir, na vota\u00e7\u00e3o da PEC 55 no Senado, pol\u00edticos de nossa cidade, que se elegeram encarnando a defesa da \u00e9tica, da educa\u00e7\u00e3o p\u00fablica e da absoluta parcim\u00f4nia com o uso dos recursos p\u00fablicos, se dobrarem \u00e0 \u201c\u00e9tica do capital\u201d e votarem junto com um governo presidido por algu\u00e9m citado 43 vezes na \u201cLava Jato\u201d. Nesses tempos de \u00e9tica seletiva, bem disse o humorista Jos\u00e9 Sim\u00e3o, \u201cContas em bancos da Su\u00ed\u00e7a podem incriminar Serra, mas se a Su\u00ed\u00e7a fosse em S\u00e3o Paulo, Serra seria absolvido, pois onde j\u00e1 se viu a justi\u00e7a paulista condenar um tucano?&#8221;<\/p>\n<p style=\"text-align: justify;\"><strong>J\u00falio Miragaya,<\/strong> presidente do Cofecon<\/p>\n","protected":false},"excerpt":{"rendered":"<p>Nesse \u00faltimo artigo de balan\u00e7o dos oito meses do Governo Temer, abordo a dimens\u00e3o \u00e9tica. Penso que n\u00e3o pode ter passado pela cabe\u00e7a de qualquer pessoa s\u00e3 que o Governo Temer promoveria uma limpeza \u00e9tica no pa\u00eds tendo conhecimento do<\/p>\n<p><a class=\"more-link\" href=\"https:\/\/cofecon.org.br\/cofecon\/?p=1410\">Leia Mais<\/a><\/p>\n","protected":false},"author":1,"featured_media":0,"comment_status":"open","ping_status":"open","sticky":false,"template":"","format":"standard","meta":{"footnotes":""},"categories":[6],"tags":[],"class_list":["post-1410","post","type-post","status-publish","format-standard","hentry","category-artigo"],"_links":{"self":[{"href":"https:\/\/cofecon.org.br\/cofecon\/index.php?rest_route=\/wp\/v2\/posts\/1410"}],"collection":[{"href":"https:\/\/cofecon.org.br\/cofecon\/index.php?rest_route=\/wp\/v2\/posts"}],"about":[{"href":"https:\/\/cofecon.org.br\/cofecon\/index.php?rest_route=\/wp\/v2\/types\/post"}],"author":[{"embeddable":true,"href":"https:\/\/cofecon.org.br\/cofecon\/index.php?rest_route=\/wp\/v2\/users\/1"}],"replies":[{"embeddable":true,"href":"https:\/\/cofecon.org.br\/cofecon\/index.php?rest_route=%2Fwp%2Fv2%2Fcomments&post=1410"}],"version-history":[{"count":0,"href":"https:\/\/cofecon.org.br\/cofecon\/index.php?rest_route=\/wp\/v2\/posts\/1410\/revisions"}],"wp:attachment":[{"href":"https:\/\/cofecon.org.br\/cofecon\/index.php?rest_route=%2Fwp%2Fv2%2Fmedia&parent=1410"}],"wp:term":[{"taxonomy":"category","embeddable":true,"href":"https:\/\/cofecon.org.br\/cofecon\/index.php?rest_route=%2Fwp%2Fv2%2Fcategories&post=1410"},{"taxonomy":"post_tag","embeddable":true,"href":"https:\/\/cofecon.org.br\/cofecon\/index.php?rest_route=%2Fwp%2Fv2%2Ftags&post=1410"}],"curies":[{"name":"wp","href":"https:\/\/api.w.org\/{rel}","templated":true}]}}