{"id":1403,"date":"2016-08-26T11:15:34","date_gmt":"2016-08-26T14:15:34","guid":{"rendered":"http:\/\/www.cofecon.org.br\/?p=1403"},"modified":"2016-08-26T11:15:34","modified_gmt":"2016-08-26T14:15:34","slug":"como-vota-senador","status":"publish","type":"post","link":"https:\/\/cofecon.org.br\/cofecon\/?p=1403","title":{"rendered":"Artigo &#8211; Como vota, Senador?"},"content":{"rendered":"<p style=\"margin-bottom: .0001pt; text-align: justify; text-indent: 35.4pt; line-height: 150%;\"><span style=\"font-size: 10.0pt; line-height: 150%; font-family: 'Verdana','sans-serif';\">Inicia-se hoje a vota\u00e7\u00e3o do impeachment da presidente Dilma Rousseff, que marcar\u00e1 profundamente o futuro pol\u00edtico, social e econ\u00f4mico do Brasil. H\u00e1 senadores que, cientes da fragilidade da acusa\u00e7\u00e3o de crime de responsabilidade, justificam o voto pelo impeachment alegando que Dilma n\u00e3o tem mais governabilidade e teve uma p\u00e9ssima gest\u00e3o da economia. <\/span><\/p>\n<p style=\"margin-bottom: 0.0001pt; text-align: justify; text-indent: 35.4pt; line-height: 150%;\"><span style=\"font-size: 10.0pt; line-height: 150%; font-family: 'Verdana','sans-serif';\">Mas como justificar o impeachment pela taxa de infla\u00e7\u00e3o de 10% ao ano quando em 1989 o \u00edndice chegou a incr\u00edveis 82% num \u00fanico m\u00eas e o Congresso n\u00e3o destituiu o presidente Sarney? Ou devido \u00e0 taxa de desemprego a 11% e juros a 14,25% ao ano quando, com FHC, o desemprego chegou a 15% e os juros a 45% e o Congresso tamb\u00e9m n\u00e3o o destituiu?<\/span><\/p>\n<p style=\"margin-bottom: 0.0001pt; text-align: justify; text-indent: 35.4pt; line-height: 150%;\"><span style=\"font-size: 10.0pt; line-height: 150%; font-family: 'Verdana','sans-serif';\">Aponta-se o enorme d\u00e9ficit fiscal de Dilma. No entanto, a proje\u00e7\u00e3o de d\u00e9ficit fiscal de Temer para 2017 ser\u00e1 superior \u00e0 de 2015, e aqui reside o essencial. \u00c9 justo sanear as contas p\u00fablicas mediante um brutal corte nos gastos sociais, especialmente em educa\u00e7\u00e3o e sa\u00fade, como quer Temer, deixando intactas as ren\u00fancias fiscais e o gasto de R$ 500 bilh\u00f5es com juros da d\u00edvida p\u00fablica? <\/span><\/p>\n<p style=\"margin-bottom: 0.0001pt; text-align: justify; text-indent: 35.4pt; line-height: 150%;\"><span style=\"font-size: 10.0pt; line-height: 150%; font-family: 'Verdana','sans-serif';\">Alega-se que Dilma promoveu um enorme loteamento de cargos entre os partidos? Sim, senadores, mas todos sempre fizeram o mesmo, inclusive Temer, que chegou a nomear uma \u201cmelancia\u201d na SPU. <\/span><\/p>\n<p style=\"margin-bottom: 0.0001pt; text-align: justify; text-indent: 35.4pt; line-height: 150%;\"><span style=\"font-size: 10.0pt; line-height: 150%; font-family: 'Verdana','sans-serif';\">Ter\u00e3o visto que, segundo o Datafolha, 37% acham que a Constitui\u00e7\u00e3o Federal est\u00e1 sendo desrespeitada, enquanto 14% t\u00eam d\u00favidas sobre a lisura do processo. T\u00eam ci\u00eancia de que est\u00e3o realizando uma <i>elei\u00e7\u00e3o indireta<\/i> para presidente? Repetir\u00e1 o Senado Federal o vergonhoso papel de 1964? Lembram que a raz\u00e3o do golpe militar era a mesma: m\u00e1 gest\u00e3o da economia, corrup\u00e7\u00e3o e excessivos gastos sociais?<\/span><\/p>\n<p style=\"margin-bottom: 0.0001pt; text-align: justify; text-indent: 35.4pt; line-height: 150%;\"><span style=\"font-size: 10.0pt; line-height: 150%; font-family: 'Verdana','sans-serif';\">Acreditam realmente nos prop\u00f3sitos \u00e9ticos e morais do PMDB, PSDB, DEM, partidos do \u201cCentr\u00e3o\u201d, e de um ex-ministro para quem \u201c\u00e9 preciso afastar a presidente Dilma para poder estancar a sangria representada pela Lava-Jato\u201d? Com a palavra, os economistas Cristovam, Reguffe e o engenheiro H\u00e9lio Jos\u00e9.<\/span><\/p>\n<p style=\"margin-bottom: 0.0001pt; text-align: justify; text-indent: 35.4pt; line-height: 150%;\"><span style=\"font-size: 10.0pt; line-height: 150%; font-family: 'Verdana','sans-serif';\">\u00a0<\/span><\/p>\n<p style=\"margin-bottom: 0.0001pt; text-align: center; text-indent: 35.4pt; line-height: 150%;\" align=\"center\"><b><span style=\"font-size: 10.0pt; line-height: 150%; font-family: 'Verdana','sans-serif';\">J\u00falio Miragaya, presidente do Conselho Federal de Economia.<\/span><\/b><\/p>\n","protected":false},"excerpt":{"rendered":"<p>Inicia-se hoje a vota\u00e7\u00e3o do impeachment da presidente Dilma Rousseff, que marcar\u00e1 profundamente o futuro pol\u00edtico, social e econ\u00f4mico do Brasil. H\u00e1 senadores que, cientes da fragilidade da acusa\u00e7\u00e3o de crime de responsabilidade, justificam o voto pelo impeachment alegando que<\/p>\n<p><a class=\"more-link\" href=\"https:\/\/cofecon.org.br\/cofecon\/?p=1403\">Leia Mais<\/a><\/p>\n","protected":false},"author":1,"featured_media":0,"comment_status":"open","ping_status":"open","sticky":false,"template":"","format":"standard","meta":{"footnotes":""},"categories":[6],"tags":[],"class_list":["post-1403","post","type-post","status-publish","format-standard","hentry","category-artigo"],"_links":{"self":[{"href":"https:\/\/cofecon.org.br\/cofecon\/index.php?rest_route=\/wp\/v2\/posts\/1403"}],"collection":[{"href":"https:\/\/cofecon.org.br\/cofecon\/index.php?rest_route=\/wp\/v2\/posts"}],"about":[{"href":"https:\/\/cofecon.org.br\/cofecon\/index.php?rest_route=\/wp\/v2\/types\/post"}],"author":[{"embeddable":true,"href":"https:\/\/cofecon.org.br\/cofecon\/index.php?rest_route=\/wp\/v2\/users\/1"}],"replies":[{"embeddable":true,"href":"https:\/\/cofecon.org.br\/cofecon\/index.php?rest_route=%2Fwp%2Fv2%2Fcomments&post=1403"}],"version-history":[{"count":0,"href":"https:\/\/cofecon.org.br\/cofecon\/index.php?rest_route=\/wp\/v2\/posts\/1403\/revisions"}],"wp:attachment":[{"href":"https:\/\/cofecon.org.br\/cofecon\/index.php?rest_route=%2Fwp%2Fv2%2Fmedia&parent=1403"}],"wp:term":[{"taxonomy":"category","embeddable":true,"href":"https:\/\/cofecon.org.br\/cofecon\/index.php?rest_route=%2Fwp%2Fv2%2Fcategories&post=1403"},{"taxonomy":"post_tag","embeddable":true,"href":"https:\/\/cofecon.org.br\/cofecon\/index.php?rest_route=%2Fwp%2Fv2%2Ftags&post=1403"}],"curies":[{"name":"wp","href":"https:\/\/api.w.org\/{rel}","templated":true}]}}