{"id":1399,"date":"2016-12-15T11:14:52","date_gmt":"2016-12-15T13:14:52","guid":{"rendered":"http:\/\/www.cofecon.org.br\/?p=1399"},"modified":"2016-12-15T11:14:52","modified_gmt":"2016-12-15T13:14:52","slug":"piorou-com-temer-2-social","status":"publish","type":"post","link":"https:\/\/cofecon.org.br\/cofecon\/?p=1399","title":{"rendered":"Artigo &#8211; Piorou com Temer 2 &#8211; Social"},"content":{"rendered":"<p style=\"text-align: justify;\">A an\u00e1lise do panorama social do Pa\u00eds ao longo desses sete\/oito meses de governo Temer ainda n\u00e3o nos possibilita uma avalia\u00e7\u00e3o definitiva por uma \u00fanica raz\u00e3o: as decis\u00f5es pol\u00edticas que foram ou est\u00e3o sendo tomadas neste per\u00edodo produzir\u00e3o seus efeitos na \u00e1rea social apenas nos pr\u00f3ximos meses ou anos, a depender da medida.<\/p>\n<p style=\"text-align: justify;\">\u00a0\u00a0\u00a0\u00a0\u00a0\u00a0\u00a0\u00a0\u00a0\u00a0\u00a0 Tomemos o exemplo da principal delas, a PEC 241\/55, a chamada PEC dos gastos. O acentuado corte dos gastos sociais, em particular nas \u00e1reas de sa\u00fade e de educa\u00e7\u00e3o, somente ter\u00e1 repercuss\u00e3o em 2018, em raz\u00e3o do dispositivo aprovado que garante os repasses constitucionais em 2017. A partir de 2018, contudo, ser\u00e1 situa\u00e7\u00e3o de terra arrasada.<\/p>\n<p style=\"text-align: justify;\">\u00a0\u00a0\u00a0\u00a0\u00a0\u00a0\u00a0\u00a0\u00a0\u00a0\u00a0 Na previd\u00eancia social, o mesmo quadro: os impactos ser\u00e3o sentidos no m\u00e9dio e longo prazo, com o previsto adiamento da aposentadoria de milh\u00f5es de trabalhadores que teriam tempo suficiente para pleite\u00e1-la, caso n\u00e3o houvesse mudan\u00e7as nas regras. Do mesmo modo, espera-se preju\u00edzos para milh\u00f5es de trabalhadores que hoje recebem o Benef\u00edcio da Presta\u00e7\u00e3o Continuada (BPC).<\/p>\n<p style=\"text-align: justify;\">\u00a0\u00a0\u00a0\u00a0\u00a0\u00a0\u00a0\u00a0\u00a0\u00a0\u00a0 Outra medida preconizada pelo governo Temer que ter\u00e1 forte impacto social \u00e9 o prometido fim da pol\u00edtica de aumento real do sal\u00e1rio m\u00ednimo. Tida como a pol\u00edtica que mais contribuiu para a redu\u00e7\u00e3o da pobreza e da desigualdade na distribui\u00e7\u00e3o da renda no Pa\u00eds, seu fim prejudicar\u00e1 milh\u00f5es de trabalhadores das categorias de menor grau de qualifica\u00e7\u00e3o (vigilantes, comerci\u00e1rios), servidores p\u00fablicos municipais, empregados dom\u00e9sticos, trabalhadores na informalidade, al\u00e9m dos milh\u00f5es de aposentados que recebem o sal\u00e1rio m\u00ednimo.<\/p>\n<p style=\"text-align: justify;\">\u00a0\u00a0\u00a0\u00a0\u00a0\u00a0\u00a0\u00a0\u00a0\u00a0\u00a0 Tais medidas escancaram a raz\u00e3o do golpe e da inven\u00e7\u00e3o deste governo Temer, que \u00e9 o de promover o ajuste fiscal mediante um enorme retrocesso social, com a retirada de direitos conquistados pelo povo brasileiro ao longo das \u00faltimas d\u00e9cadas. Tudo para satisfazer o capital financeiro, agiotagem oficializada que sangra os recursos da na\u00e7\u00e3o.<\/p>\n<hr \/>\n<p><strong>J\u00falio Miragaya<\/strong>, Presidente do Cofecon.<\/p>\n","protected":false},"excerpt":{"rendered":"<p>A an\u00e1lise do panorama social do Pa\u00eds ao longo desses sete\/oito meses de governo Temer ainda n\u00e3o nos possibilita uma avalia\u00e7\u00e3o definitiva por uma \u00fanica raz\u00e3o: as decis\u00f5es pol\u00edticas que foram ou est\u00e3o sendo tomadas neste per\u00edodo produzir\u00e3o seus efeitos<\/p>\n<p><a class=\"more-link\" href=\"https:\/\/cofecon.org.br\/cofecon\/?p=1399\">Leia Mais<\/a><\/p>\n","protected":false},"author":1,"featured_media":0,"comment_status":"open","ping_status":"open","sticky":false,"template":"","format":"standard","meta":{"footnotes":""},"categories":[6],"tags":[],"class_list":["post-1399","post","type-post","status-publish","format-standard","hentry","category-artigo"],"_links":{"self":[{"href":"https:\/\/cofecon.org.br\/cofecon\/index.php?rest_route=\/wp\/v2\/posts\/1399"}],"collection":[{"href":"https:\/\/cofecon.org.br\/cofecon\/index.php?rest_route=\/wp\/v2\/posts"}],"about":[{"href":"https:\/\/cofecon.org.br\/cofecon\/index.php?rest_route=\/wp\/v2\/types\/post"}],"author":[{"embeddable":true,"href":"https:\/\/cofecon.org.br\/cofecon\/index.php?rest_route=\/wp\/v2\/users\/1"}],"replies":[{"embeddable":true,"href":"https:\/\/cofecon.org.br\/cofecon\/index.php?rest_route=%2Fwp%2Fv2%2Fcomments&post=1399"}],"version-history":[{"count":0,"href":"https:\/\/cofecon.org.br\/cofecon\/index.php?rest_route=\/wp\/v2\/posts\/1399\/revisions"}],"wp:attachment":[{"href":"https:\/\/cofecon.org.br\/cofecon\/index.php?rest_route=%2Fwp%2Fv2%2Fmedia&parent=1399"}],"wp:term":[{"taxonomy":"category","embeddable":true,"href":"https:\/\/cofecon.org.br\/cofecon\/index.php?rest_route=%2Fwp%2Fv2%2Fcategories&post=1399"},{"taxonomy":"post_tag","embeddable":true,"href":"https:\/\/cofecon.org.br\/cofecon\/index.php?rest_route=%2Fwp%2Fv2%2Ftags&post=1399"}],"curies":[{"name":"wp","href":"https:\/\/api.w.org\/{rel}","templated":true}]}}