{"id":1397,"date":"2016-08-24T11:13:43","date_gmt":"2016-08-24T14:13:43","guid":{"rendered":"http:\/\/www.cofecon.org.br\/?p=1397"},"modified":"2016-08-24T11:13:43","modified_gmt":"2016-08-24T14:13:43","slug":"presidentes-do-cofecon-e-do-ibge-reuniram-se-no-rio-de-janeiro","status":"publish","type":"post","link":"https:\/\/cofecon.org.br\/cofecon\/?p=1397","title":{"rendered":"Presidentes do Cofecon e do IBGE reuniram-se no Rio de Janeiro"},"content":{"rendered":"<p style=\"text-align: justify;\"><img loading=\"lazy\" decoding=\"async\" class=\"size-medium wp-image-1400 alignleft\" src=\"http:\/\/www.cofecon.org.br\/wp-content\/uploads\/2017\/06\/109-300x171.jpg\" alt=\"\" width=\"300\" height=\"171\" srcset=\"https:\/\/cofecon.org.br\/cofecon\/wp-content\/uploads\/2017\/06\/109-300x171.jpg 300w, https:\/\/cofecon.org.br\/cofecon\/wp-content\/uploads\/2017\/06\/109.jpg 679w\" sizes=\"(max-width: 300px) 100vw, 300px\" \/>O presidente do Conselho Federal de Economia, J\u00falio Miragaya, reuniu-se com o presidente do Instituto Brasileiro de Geografia e Estat\u00edstica (IBGE), Paulo Rabello Castro, no dia 24 de agosto. O encontro ocorreu na sede do instituto, no Rio de Janeiro. Tamb\u00e9m participaram a coordenadora-adjunta de Geografia, Adma de Figueiredo, e o pesquisador da Coordena\u00e7\u00e3o de Geografia Paulo Wagner Teixeira Marques.<\/p>\n<p style=\"text-align: justify;\">Na ocasi\u00e3o, J\u00falio Miragaya reiterou o convite ao presidente do IBGE para receber, em nome da institui\u00e7\u00e3o, o Pr\u00eamio Destaque Econ\u00f4mico do Ano 2015, conferido pelo Plen\u00e1rio no Cofecon, na modalidade Desempenho T\u00e9cnico. A homenagem ocorrer\u00e1 durante a cerim\u00f4nia de abertura do XXV Simp\u00f3sio Nacional dos Conselhos de Economia, a ser realizado em Natal de 31 de agosto a 03 de setembro.<\/p>\n<p style=\"text-align: justify;\">Miragaya, que tamb\u00e9m \u00e9 presidente da Associa\u00e7\u00e3o Nacional das Institui\u00e7\u00f5es de Planejamento, Pesquisa e Estat\u00edstica (Anipes) tratou tamb\u00e9m da nova regionaliza\u00e7\u00e3o dos estados, cujo grupo de trabalho coordenado pelo IBGE e integrado pelas institui\u00e7\u00f5es estaduais de planejamento se reunir\u00e1 em Bras\u00edlia nos dias 15 e 16 de setembro.<\/p>\n","protected":false},"excerpt":{"rendered":"<p>O presidente do Conselho Federal de Economia, J\u00falio Miragaya, reuniu-se com o presidente do Instituto Brasileiro de Geografia e Estat\u00edstica (IBGE), Paulo Rabello Castro, no dia 24 de agosto. O encontro ocorreu na sede do instituto, no Rio de Janeiro.<\/p>\n<p><a class=\"more-link\" href=\"https:\/\/cofecon.org.br\/cofecon\/?p=1397\">Leia Mais<\/a><\/p>\n","protected":false},"author":1,"featured_media":0,"comment_status":"open","ping_status":"open","sticky":false,"template":"","format":"standard","meta":{"footnotes":""},"categories":[2],"tags":[],"class_list":["post-1397","post","type-post","status-publish","format-standard","hentry","category-noticias"],"_links":{"self":[{"href":"https:\/\/cofecon.org.br\/cofecon\/index.php?rest_route=\/wp\/v2\/posts\/1397"}],"collection":[{"href":"https:\/\/cofecon.org.br\/cofecon\/index.php?rest_route=\/wp\/v2\/posts"}],"about":[{"href":"https:\/\/cofecon.org.br\/cofecon\/index.php?rest_route=\/wp\/v2\/types\/post"}],"author":[{"embeddable":true,"href":"https:\/\/cofecon.org.br\/cofecon\/index.php?rest_route=\/wp\/v2\/users\/1"}],"replies":[{"embeddable":true,"href":"https:\/\/cofecon.org.br\/cofecon\/index.php?rest_route=%2Fwp%2Fv2%2Fcomments&post=1397"}],"version-history":[{"count":0,"href":"https:\/\/cofecon.org.br\/cofecon\/index.php?rest_route=\/wp\/v2\/posts\/1397\/revisions"}],"wp:attachment":[{"href":"https:\/\/cofecon.org.br\/cofecon\/index.php?rest_route=%2Fwp%2Fv2%2Fmedia&parent=1397"}],"wp:term":[{"taxonomy":"category","embeddable":true,"href":"https:\/\/cofecon.org.br\/cofecon\/index.php?rest_route=%2Fwp%2Fv2%2Fcategories&post=1397"},{"taxonomy":"post_tag","embeddable":true,"href":"https:\/\/cofecon.org.br\/cofecon\/index.php?rest_route=%2Fwp%2Fv2%2Ftags&post=1397"}],"curies":[{"name":"wp","href":"https:\/\/api.w.org\/{rel}","templated":true}]}}