{"id":1393,"date":"2016-08-26T11:11:55","date_gmt":"2016-08-26T14:11:55","guid":{"rendered":"http:\/\/www.cofecon.org.br\/?p=1393"},"modified":"2016-08-26T11:11:55","modified_gmt":"2016-08-26T14:11:55","slug":"corecon-pb-ofereceu-workshop-a-estudantes-sobre-consultoria-economica","status":"publish","type":"post","link":"https:\/\/cofecon.org.br\/cofecon\/?p=1393","title":{"rendered":"Corecon-PB ofereceu workshop a estudantes sobre consultoria econ\u00f4mica"},"content":{"rendered":"<p style=\"text-align: justify;\"><img loading=\"lazy\" decoding=\"async\" class=\"size-medium wp-image-1394 alignleft\" src=\"http:\/\/www.cofecon.org.br\/wp-content\/uploads\/2017\/06\/108-300x171.jpg\" alt=\"\" width=\"300\" height=\"171\" srcset=\"https:\/\/cofecon.org.br\/cofecon\/wp-content\/uploads\/2017\/06\/108-300x171.jpg 300w, https:\/\/cofecon.org.br\/cofecon\/wp-content\/uploads\/2017\/06\/108.jpg 679w\" sizes=\"(max-width: 300px) 100vw, 300px\" \/>O Conselho Regional de Economia da Para\u00edba (Corecon-PB) realizou, de 22 a 24 de agosto, o workshop Mercado de Trabalho em Consultoria Empresarial para Economistas, na Universidade Federal da Para\u00edba (UFPB). Ao lado do presidente do Regional, Jo\u00e3o Bosco Ferraz, o conselheiro federal Paulo Hermance participou da iniciativa. O objetivo do workshop foi apresentar aos estudantes universit\u00e1rios as experi\u00eancias de economistas na \u00e1rea de consultoria, informando-os sobre a realidade do funcionamento das empresas que atuam no segmento, al\u00e9m de instrument\u00e1-los para atuar em empresas j\u00fanior e como estagi\u00e1rios em empresas de consultoria.<\/p>\n<p style=\"text-align: justify;\">As palestras foram ministradas por economistas que trabalham como consultores. Os temas abordados foram: T\u00e9cnicas de an\u00e1lise de custo e forma\u00e7\u00e3o de pre\u00e7o; Cr\u00e9dito como solu\u00e7\u00e3o; A import\u00e2ncia do profissional de Economia no est\u00edmulo aos investimentos p\u00fablicos e privados; e empreendedorismo. Antes de cada apresenta\u00e7\u00e3o, economistas rec\u00e9m-formadas relataram suas experi\u00eancias profissionais e acad\u00eamicas na fase universit\u00e1ria e capacita\u00e7\u00e3o no in\u00edcio da carreira.<\/p>\n<p style=\"text-align: justify;\">Ao final do evento, o presidente do CORECON-PB agradeceu aos participantes e falou da import\u00e2ncia deste workshop como uma forma de apresentar aos estudantes as experi\u00eancias de economistas na \u00e1rea de consultoria, como uma das atua\u00e7\u00f5es que os futuros profissionais poder\u00e3o atuar. Em seguida, houve a entrega de certificados.<\/p>\n","protected":false},"excerpt":{"rendered":"<p>O Conselho Regional de Economia da Para\u00edba (Corecon-PB) realizou, de 22 a 24 de agosto, o workshop Mercado de Trabalho em Consultoria Empresarial para Economistas, na Universidade Federal da Para\u00edba (UFPB). Ao lado do presidente do Regional, Jo\u00e3o Bosco Ferraz,<\/p>\n<p><a class=\"more-link\" href=\"https:\/\/cofecon.org.br\/cofecon\/?p=1393\">Leia Mais<\/a><\/p>\n","protected":false},"author":1,"featured_media":0,"comment_status":"open","ping_status":"open","sticky":false,"template":"","format":"standard","meta":{"footnotes":""},"categories":[2],"tags":[],"class_list":["post-1393","post","type-post","status-publish","format-standard","hentry","category-noticias"],"_links":{"self":[{"href":"https:\/\/cofecon.org.br\/cofecon\/index.php?rest_route=\/wp\/v2\/posts\/1393"}],"collection":[{"href":"https:\/\/cofecon.org.br\/cofecon\/index.php?rest_route=\/wp\/v2\/posts"}],"about":[{"href":"https:\/\/cofecon.org.br\/cofecon\/index.php?rest_route=\/wp\/v2\/types\/post"}],"author":[{"embeddable":true,"href":"https:\/\/cofecon.org.br\/cofecon\/index.php?rest_route=\/wp\/v2\/users\/1"}],"replies":[{"embeddable":true,"href":"https:\/\/cofecon.org.br\/cofecon\/index.php?rest_route=%2Fwp%2Fv2%2Fcomments&post=1393"}],"version-history":[{"count":0,"href":"https:\/\/cofecon.org.br\/cofecon\/index.php?rest_route=\/wp\/v2\/posts\/1393\/revisions"}],"wp:attachment":[{"href":"https:\/\/cofecon.org.br\/cofecon\/index.php?rest_route=%2Fwp%2Fv2%2Fmedia&parent=1393"}],"wp:term":[{"taxonomy":"category","embeddable":true,"href":"https:\/\/cofecon.org.br\/cofecon\/index.php?rest_route=%2Fwp%2Fv2%2Fcategories&post=1393"},{"taxonomy":"post_tag","embeddable":true,"href":"https:\/\/cofecon.org.br\/cofecon\/index.php?rest_route=%2Fwp%2Fv2%2Ftags&post=1393"}],"curies":[{"name":"wp","href":"https:\/\/api.w.org\/{rel}","templated":true}]}}