{"id":1389,"date":"2016-08-19T11:09:16","date_gmt":"2016-08-19T14:09:16","guid":{"rendered":"http:\/\/www.cofecon.org.br\/?p=1389"},"modified":"2016-08-19T11:09:16","modified_gmt":"2016-08-19T14:09:16","slug":"e-os-juros","status":"publish","type":"post","link":"https:\/\/cofecon.org.br\/cofecon\/?p=1389","title":{"rendered":"Artigo &#8211; E os juros?"},"content":{"rendered":"<p style=\"text-align: justify;\">Recentemente, o Conselho Federal de Economia posicionou-se sobre Pol\u00edtica Monet\u00e1ria: \u201cO Cofecon, ao observar no governo interino uma clara perspectiva de manuten\u00e7\u00e3o da Pol\u00edtica Monet\u00e1ria do governo anterior, reafirma sua posi\u00e7\u00e3o de que j\u00e1 h\u00e1 uma clara tend\u00eancia de queda da infla\u00e7\u00e3o, que os fatores que implicaram na eleva\u00e7\u00e3o da taxa de infla\u00e7\u00e3o no primeiro semestre de 2015 n\u00e3o se fazem mais presentes (forte corre\u00e7\u00e3o dos pre\u00e7os administrados e repasse cambial) e que o quadro recessivo elimina qualquer press\u00e3o de demanda, de forma que, portanto, a taxa b\u00e1sica de juros j\u00e1 devia estar em queda desde o segundo semestre de 2015.<\/p>\n<p style=\"text-align: justify;\">Apoiamos a import\u00e2ncia que tem sido dada pelo BC ao controle da infla\u00e7\u00e3o, mas a pol\u00edtica adotada tem trazido perdas exageradas em termos de investimento, crescimento, empregos e eleva\u00e7\u00e3o da d\u00edvida p\u00fablica. O uso de um \u00fanico instrumento, a taxa b\u00e1sica de juros, assim como metas para infla\u00e7\u00e3o com horizonte de apenas um ano-calend\u00e1rio, exigem n\u00edveis extremamente altos daquela taxa. Instrumentos adicionais, bem como a ado\u00e7\u00e3o de um horizonte mais longo para cumprimento das metas, que facilitasse a acomoda\u00e7\u00e3o de choques de oferta, permitiriam uma suaviza\u00e7\u00e3o da pol\u00edtica monet\u00e1ria, com a consequente redu\u00e7\u00e3o das referidas perdas.<\/p>\n<p style=\"text-align: justify;\">Outro aspecto importante \u00e9 referente \u00e0 discuss\u00e3o que tramita no Congresso Nacional sobre o papel do BC e a amplia\u00e7\u00e3o de sua autonomia. O BC do Brasil tem como miss\u00e3o institucional a estabilidade do poder de compra da moeda e a solidez do sistema financeiro, e o Cofecon defende que sua miss\u00e3o deveria visar tamb\u00e9m o crescimento econ\u00f4mico e a preserva\u00e7\u00e3o do n\u00edvel de emprego, como o fazem bancos centrais de pa\u00edses como os EUA e a Inglaterra. Quanto \u00e0 amplia\u00e7\u00e3o da autonomia, entendemos que a existente j\u00e1 \u00e9 adequada e que a a\u00e7\u00e3o do BC tem que estar em sintonia e coerente com as das demais autoridades econ\u00f4micas do governo, inclusive com a coincid\u00eancia dos per\u00edodos de mandatos\u201d.<\/p>\n<p style=\"text-align: justify;\"><strong>J\u00falio Miragaya, presidente do Conselho Federal de Economia<\/strong><\/p>\n","protected":false},"excerpt":{"rendered":"<p>Recentemente, o Conselho Federal de Economia posicionou-se sobre Pol\u00edtica Monet\u00e1ria: \u201cO Cofecon, ao observar no governo interino uma clara perspectiva de manuten\u00e7\u00e3o da Pol\u00edtica Monet\u00e1ria do governo anterior, reafirma sua posi\u00e7\u00e3o de que j\u00e1 h\u00e1 uma clara tend\u00eancia de queda<\/p>\n<p><a class=\"more-link\" href=\"https:\/\/cofecon.org.br\/cofecon\/?p=1389\">Leia Mais<\/a><\/p>\n","protected":false},"author":1,"featured_media":0,"comment_status":"open","ping_status":"open","sticky":false,"template":"","format":"standard","meta":{"footnotes":""},"categories":[6],"tags":[],"class_list":["post-1389","post","type-post","status-publish","format-standard","hentry","category-artigo"],"_links":{"self":[{"href":"https:\/\/cofecon.org.br\/cofecon\/index.php?rest_route=\/wp\/v2\/posts\/1389"}],"collection":[{"href":"https:\/\/cofecon.org.br\/cofecon\/index.php?rest_route=\/wp\/v2\/posts"}],"about":[{"href":"https:\/\/cofecon.org.br\/cofecon\/index.php?rest_route=\/wp\/v2\/types\/post"}],"author":[{"embeddable":true,"href":"https:\/\/cofecon.org.br\/cofecon\/index.php?rest_route=\/wp\/v2\/users\/1"}],"replies":[{"embeddable":true,"href":"https:\/\/cofecon.org.br\/cofecon\/index.php?rest_route=%2Fwp%2Fv2%2Fcomments&post=1389"}],"version-history":[{"count":0,"href":"https:\/\/cofecon.org.br\/cofecon\/index.php?rest_route=\/wp\/v2\/posts\/1389\/revisions"}],"wp:attachment":[{"href":"https:\/\/cofecon.org.br\/cofecon\/index.php?rest_route=%2Fwp%2Fv2%2Fmedia&parent=1389"}],"wp:term":[{"taxonomy":"category","embeddable":true,"href":"https:\/\/cofecon.org.br\/cofecon\/index.php?rest_route=%2Fwp%2Fv2%2Fcategories&post=1389"},{"taxonomy":"post_tag","embeddable":true,"href":"https:\/\/cofecon.org.br\/cofecon\/index.php?rest_route=%2Fwp%2Fv2%2Ftags&post=1389"}],"curies":[{"name":"wp","href":"https:\/\/api.w.org\/{rel}","templated":true}]}}