{"id":1386,"date":"2016-08-15T11:07:32","date_gmt":"2016-08-15T14:07:32","guid":{"rendered":"http:\/\/www.cofecon.org.br\/?p=1386"},"modified":"2016-08-15T11:07:32","modified_gmt":"2016-08-15T14:07:32","slug":"cofecon-homenageia-ex-presidentes-dercio-munhoz-e-jose-luiz-pagnussat","status":"publish","type":"post","link":"https:\/\/cofecon.org.br\/cofecon\/?p=1386","title":{"rendered":"Cofecon homenageia ex-presidentes D\u00e9rcio Munhoz e Jos\u00e9 Luiz Pagnussat"},"content":{"rendered":"<p style=\"text-align: justify;\"><img loading=\"lazy\" decoding=\"async\" class=\"size-medium wp-image-1387 alignleft\" src=\"http:\/\/www.cofecon.org.br\/wp-content\/uploads\/2017\/06\/107-300x172.jpg\" alt=\"\" width=\"300\" height=\"172\" srcset=\"https:\/\/cofecon.org.br\/cofecon\/wp-content\/uploads\/2017\/06\/107-300x172.jpg 300w, https:\/\/cofecon.org.br\/cofecon\/wp-content\/uploads\/2017\/06\/107.jpg 679w\" sizes=\"(max-width: 300px) 100vw, 300px\" \/>Para comemorar os 65 anos da profiss\u00e3o no Brasil, o Conselho Federal de Economia (Cofecon) e o Conselho Regional de Economia do Distrito Federal (Corecon-DF) homenagearam dois ex-presidentes: D\u00e9rcio Garcia Munhoz (1986) e Jos\u00e9 Luiz Pagnussat (1996). Ambos receberam uma placa de reconhecimento pelos trabalhos desenvolvidos \u00e0 frente da autarquia; Munhoz tamb\u00e9m foi agraciado com o t\u00edtulo de Economista Em\u00e9rito do Corecon-DF. A solenidade ocorreu em Bras\u00edlia, na sede do Cofecon. O presidente do Cofecon, J\u00falio Miragaya, afirmou que o reconhecimento \u00e9 uma forma de homenagear todos os economistas do Brasil.<\/p>\n<p style=\"text-align: justify;\">Munhoz recebeu a placa do vice-presidente do Corecon-DF, Ronalde Lins, que foi seu aluno na universidade. \u201cLembro que estava pensando em migrar de curso. Assisti uma palestra dele e resolvi permanecer. Eu o conheci recentemente e fiquei admirado n\u00e3o s\u00f3 com o grande conhecimento que tem, mas tamb\u00e9m por sua simplicidade. Ele teve grande influ\u00eancia na minha vida pessoal e profissional\u201d, declarou. O economista M\u00e1rio S\u00e9rgio Sallorenzo, vice-presidente do Cofecon em 2010 e 2011, entregou a comenda de Economista Em\u00e9rito do Corecon-DF. Ele afirmou que p\u00f4de acompanha-lo como conselheiro e percebeu que as pessoas se dirigem a ele com o devido respeito e admira\u00e7\u00e3o, e o professor retribui de forma doce. \u201cTenho um orgulho imenso de estar aqui, sou admirador do professor D\u00e9rcio e esse dia marcou minha vida\u201d.<\/p>\n<p style=\"text-align: justify;\">Ao agradecer as homenagens, D\u00e9rcio Munhoz destacou fatos que ocorreram em sua gest\u00e3o frente ao Cofecon e os principais desafios da \u00e9poca, como as mudan\u00e7as para reformular o Conselho. Foi ele quem desenhou como seria a estrutura funcional e criou fundos para informatiza\u00e7\u00e3o dos regionais, para ofertar cursos e para assist\u00eancia administrativa dos Regionais. \u201cMuito me comove e alegra a homenagem. A caminhada nunca foi sozinha, sempre tive muita gente ao meu lado. \u00c9 um privil\u00e9gio receber esta homenagem, mas ela representa um trabalho coletivo mais amplo\u201d. Coincidentemente, este ano ele completa 50 anos de formado em Economia e 70 anos de que teve o primeiro emprego.<\/p>\n<p style=\"text-align: justify;\">Pagnussat afirmou que desde os anos 80 considera o Conselho uma casa, onde fez grandes amigos, sendo muitos deles \u00eddolos e gurus da \u00e9poca de universidade. Fez um resumo de sua atua\u00e7\u00e3o \u00e0 frente da entidade, destacando os acontecimentos da \u00e9poca, como o esfor\u00e7o para manter os Conselhos como autarquias, a retomada do Pr\u00eamio Brasil de Economia \u2013 criado na gest\u00e3o de D\u00e9rcio Munhoz \u2013 e o posicionamento do Cofecon sobre as privatiza\u00e7\u00f5es que ocorreram na \u00e9poca. \u201cO Conselho deve estar sempre pensando no futuro e se posicionar estrategicamente. Como exemplo, \u00e9 importante que se posicione em rela\u00e7\u00e3o \u00e0s privatiza\u00e7\u00f5es intensivas que devem ocorrer ap\u00f3s divulga\u00e7\u00e3o do teto da meta fiscal&#8221;, recomenda.<\/p>\n<p style=\"text-align: justify;\">A presidente do Corecon-DF, Maria Cristina de Ara\u00fajo, destacou o brilhantismo dos homenageados, que s\u00e3o economistas reconhecidos em todo o Pa\u00eds. \u201cMe sinto muito honrada em participar desse momento, pois o D\u00e9rcio \u00e9 meu mestre. Ele deu grandes contribui\u00e7\u00f5es em sala de aula e seu exemplo, \u00e9tica e contribui\u00e7\u00f5es para a economia s\u00e3o imensur\u00e1veis\u201d. Destacou o empenho e o trabalho volunt\u00e1rio realizado pelos economistas em prol da profiss\u00e3o, o que contribui para o conselho e valoriza\u00e7\u00e3o da profiss\u00e3o.<\/p>\n<p style=\"text-align: justify;\"><strong>Curr\u00edculo <\/strong><\/p>\n<p style=\"text-align: justify;\"><strong>D\u00e9rcio Munhoz<\/strong><\/p>\n<p style=\"text-align: justify;\">O economista formou-se em Economia pela Universidade de Bras\u00edlia (UnB) e foi docente na institui\u00e7\u00e3o por 28 anos; al\u00e9m de ser mestre pela Universidade de S\u00e3o Paulo e professor colaborador de diversos cursos de p\u00f3s-gradua\u00e7\u00e3o em Economia em importantes universidades do Pa\u00eds, como a Universidade Federal do Rio de Janeiro. Possui o t\u00edtulo Not\u00f3rio Saber, pelo Conselho Federal de Educa\u00e7\u00e3o. Autor de diversos livros, tais como \u201cDemografia no Distrito Federal\u201d, \u201cA renda e a demanda de produtos aliment\u00edcios no Distrito Federal\u201d, \u201cEconomia agr\u00edcola: uma defesa dos subs\u00eddios\u201d, \u201cD\u00edvida externa: a crise rediscutida\u201d e \u201cEntre Crises: 40 Anos da Economia do Brasil\u201d, foi presidente dos Conselhos Federal de Economia e Superior da Previd\u00eancia Social. Possui mais de 200 trabalhos publicados, entre livros, artigos especializados e textos acad\u00eamicos em economia.<\/p>\n<p style=\"text-align: justify;\"><strong>Jos\u00e9 Luiz Pagnussat<\/strong><\/p>\n<p style=\"text-align: justify;\">O economista \u00e9 graduado em Economia pela Universidade Cat\u00f3lica de Bras\u00edlia (1981) e mestre em Economia pela Universidade de Bras\u00edlia (1988). Especializa\u00e7\u00f5es em Gest\u00e3o P\u00fablica: da Efici\u00eancia \u00e0 Intelig\u00eancia, curso pela Escola Nacional de Administra\u00e7\u00e3o P\u00fablica e Estruturas de Gest\u00e3o P\u00fablica pelo Instituto Serzedello Corr\u00eaa do TCU. Atuou como professor da UCB de 1985 a 2004 chegando a exercer a fun\u00e7\u00e3o de Chefe do Departamento de Economia. Professor da ENAP desde 1988. Foi membro da Comiss\u00e3o de Especialistas do Curso de Ci\u00eancias Econ\u00f4micas da Secretaria de Ensino Superior SESU\/MEC e Membro da Comiss\u00e3o do Curso de Economia para o Exame Nacional de Curso 1999. Foi Presidente do Conselho Federal de Economia em 1996. Presidente do Conselho Regional de Economia do DF em 1990, 1994 e 2009\/10. Presidente da Associa\u00e7\u00e3o Nacional dos Cursos de Gradua\u00e7\u00e3o em Economia \u2013 ANGE &#8211; (1999\/2001). Editor respons\u00e1vel pela Revista de Conjuntura, coordenador da Comiss\u00e3o de Pol\u00edtica Econ\u00f4mica e da Reuni\u00e3o de Conjuntura Econ\u00f4mica do Corecon-DF.<\/p>\n","protected":false},"excerpt":{"rendered":"<p>Para comemorar os 65 anos da profiss\u00e3o no Brasil, o Conselho Federal de Economia (Cofecon) e o Conselho Regional de Economia do Distrito Federal (Corecon-DF) homenagearam dois ex-presidentes: D\u00e9rcio Garcia Munhoz (1986) e Jos\u00e9 Luiz Pagnussat (1996). Ambos receberam uma<\/p>\n<p><a class=\"more-link\" href=\"https:\/\/cofecon.org.br\/cofecon\/?p=1386\">Leia Mais<\/a><\/p>\n","protected":false},"author":1,"featured_media":0,"comment_status":"open","ping_status":"open","sticky":false,"template":"","format":"standard","meta":{"footnotes":""},"categories":[2],"tags":[],"class_list":["post-1386","post","type-post","status-publish","format-standard","hentry","category-noticias"],"_links":{"self":[{"href":"https:\/\/cofecon.org.br\/cofecon\/index.php?rest_route=\/wp\/v2\/posts\/1386"}],"collection":[{"href":"https:\/\/cofecon.org.br\/cofecon\/index.php?rest_route=\/wp\/v2\/posts"}],"about":[{"href":"https:\/\/cofecon.org.br\/cofecon\/index.php?rest_route=\/wp\/v2\/types\/post"}],"author":[{"embeddable":true,"href":"https:\/\/cofecon.org.br\/cofecon\/index.php?rest_route=\/wp\/v2\/users\/1"}],"replies":[{"embeddable":true,"href":"https:\/\/cofecon.org.br\/cofecon\/index.php?rest_route=%2Fwp%2Fv2%2Fcomments&post=1386"}],"version-history":[{"count":0,"href":"https:\/\/cofecon.org.br\/cofecon\/index.php?rest_route=\/wp\/v2\/posts\/1386\/revisions"}],"wp:attachment":[{"href":"https:\/\/cofecon.org.br\/cofecon\/index.php?rest_route=%2Fwp%2Fv2%2Fmedia&parent=1386"}],"wp:term":[{"taxonomy":"category","embeddable":true,"href":"https:\/\/cofecon.org.br\/cofecon\/index.php?rest_route=%2Fwp%2Fv2%2Fcategories&post=1386"},{"taxonomy":"post_tag","embeddable":true,"href":"https:\/\/cofecon.org.br\/cofecon\/index.php?rest_route=%2Fwp%2Fv2%2Ftags&post=1386"}],"curies":[{"name":"wp","href":"https:\/\/api.w.org\/{rel}","templated":true}]}}