{"id":1382,"date":"2016-08-15T11:05:25","date_gmt":"2016-08-15T14:05:25","guid":{"rendered":"http:\/\/www.cofecon.org.br\/?p=1382"},"modified":"2016-08-15T11:05:25","modified_gmt":"2016-08-15T14:05:25","slug":"presidente-do-cofecon-participou-do-congresso-da-sober","status":"publish","type":"post","link":"https:\/\/cofecon.org.br\/cofecon\/?p=1382","title":{"rendered":"Presidente do Cofecon participou do Congresso da SOBER"},"content":{"rendered":"<p style=\"text-align: justify;\"><img loading=\"lazy\" decoding=\"async\" class=\"size-medium wp-image-1383 alignleft\" src=\"http:\/\/www.cofecon.org.br\/wp-content\/uploads\/2017\/06\/105-300x171.jpg\" alt=\"\" width=\"300\" height=\"171\" srcset=\"https:\/\/cofecon.org.br\/cofecon\/wp-content\/uploads\/2017\/06\/105-300x171.jpg 300w, https:\/\/cofecon.org.br\/cofecon\/wp-content\/uploads\/2017\/06\/105.jpg 679w\" sizes=\"(max-width: 300px) 100vw, 300px\" \/>O 54\u00ba Congresso da Sociedade Brasileira de Economia, Administra\u00e7\u00e3o e Sociologia Rural, realizado em Macei\u00f3, reuniu profissionais para discutir &#8220;Desenvolvimento, Biodiversidade e Territ\u00f3rio&#8221;. O presidente do Cofecon, J\u00falio Miragaya, representou a autarquia na abertura do Congresso, realizado at\u00e9 o dia 17 de agosto na Universidade Federal de Alagoas (UFAL).<\/p>\n<p style=\"text-align: justify;\">A solenidade de abertura ocorreu na Escola Superior de Magistratura de Alagoas e teve uma palestra magna de Alysson Paulinelli, que foi ministro da Agricultura, sobre o tema central do evento: Desenvolvimento, Biodiversidade e Territ\u00f3rio. Entre os assuntos que ser\u00e3o discutidos ao longo do 54\u00ba Congresso da SOBER est\u00e3o: Economia e Gest\u00e3o no Agroneg\u00f3cio; Com\u00e9rcio Internacional; Sistemas Agroalimentares e Cadeias Agroindustriais; Evolu\u00e7\u00e3o e Estrutura da Agropecu\u00e1ria no Brasil.<\/p>\n<p style=\"text-align: justify;\"><img loading=\"lazy\" decoding=\"async\" class=\"size-medium wp-image-1384 alignleft\" src=\"http:\/\/www.cofecon.org.br\/wp-content\/uploads\/2017\/06\/106-300x171.jpg\" alt=\"\" width=\"300\" height=\"171\" srcset=\"https:\/\/cofecon.org.br\/cofecon\/wp-content\/uploads\/2017\/06\/106-300x171.jpg 300w, https:\/\/cofecon.org.br\/cofecon\/wp-content\/uploads\/2017\/06\/106.jpg 679w\" sizes=\"(max-width: 300px) 100vw, 300px\" \/>Ainda em Macei\u00f3, J\u00falio Miragaya participou, na segunda-feira (15\/08), da Sess\u00e3o Plen\u00e1ria do Conselho Regional de Alagoas (Corecon-AL), ao lado do presidente Maur\u00edlio Proc\u00f3pio Gomes, dando continuidade ao projeto \u201cOuvindo os Corecons\u201d. Tamb\u00e9m esteve presente na solenidade em comemora\u00e7\u00e3o ao Dia do Economista promovida pelo Regional e pelo Sindicato de Economistas de Alagoas (Sindecon-AL), que contou com palestra do secret\u00e1rio de Fazenda de Alagoas, George Santoro, sobre &#8220;Cen\u00e1rios econ\u00f4micos de Alagoas&#8221;. Na ocais\u00e3o, o presidente do Cofecon foi agraciado com a comenda Celso Furtado.<\/p>\n","protected":false},"excerpt":{"rendered":"<p>O 54\u00ba Congresso da Sociedade Brasileira de Economia, Administra\u00e7\u00e3o e Sociologia Rural, realizado em Macei\u00f3, reuniu profissionais para discutir &#8220;Desenvolvimento, Biodiversidade e Territ\u00f3rio&#8221;. O presidente do Cofecon, J\u00falio Miragaya, representou a autarquia na abertura do Congresso, realizado at\u00e9 o dia<\/p>\n<p><a class=\"more-link\" href=\"https:\/\/cofecon.org.br\/cofecon\/?p=1382\">Leia Mais<\/a><\/p>\n","protected":false},"author":1,"featured_media":0,"comment_status":"open","ping_status":"open","sticky":false,"template":"","format":"standard","meta":{"footnotes":""},"categories":[2],"tags":[],"class_list":["post-1382","post","type-post","status-publish","format-standard","hentry","category-noticias"],"_links":{"self":[{"href":"https:\/\/cofecon.org.br\/cofecon\/index.php?rest_route=\/wp\/v2\/posts\/1382"}],"collection":[{"href":"https:\/\/cofecon.org.br\/cofecon\/index.php?rest_route=\/wp\/v2\/posts"}],"about":[{"href":"https:\/\/cofecon.org.br\/cofecon\/index.php?rest_route=\/wp\/v2\/types\/post"}],"author":[{"embeddable":true,"href":"https:\/\/cofecon.org.br\/cofecon\/index.php?rest_route=\/wp\/v2\/users\/1"}],"replies":[{"embeddable":true,"href":"https:\/\/cofecon.org.br\/cofecon\/index.php?rest_route=%2Fwp%2Fv2%2Fcomments&post=1382"}],"version-history":[{"count":0,"href":"https:\/\/cofecon.org.br\/cofecon\/index.php?rest_route=\/wp\/v2\/posts\/1382\/revisions"}],"wp:attachment":[{"href":"https:\/\/cofecon.org.br\/cofecon\/index.php?rest_route=%2Fwp%2Fv2%2Fmedia&parent=1382"}],"wp:term":[{"taxonomy":"category","embeddable":true,"href":"https:\/\/cofecon.org.br\/cofecon\/index.php?rest_route=%2Fwp%2Fv2%2Fcategories&post=1382"},{"taxonomy":"post_tag","embeddable":true,"href":"https:\/\/cofecon.org.br\/cofecon\/index.php?rest_route=%2Fwp%2Fv2%2Ftags&post=1382"}],"curies":[{"name":"wp","href":"https:\/\/api.w.org\/{rel}","templated":true}]}}