{"id":1375,"date":"2016-08-13T11:00:59","date_gmt":"2016-08-13T14:00:59","guid":{"rendered":"http:\/\/www.cofecon.org.br\/?p=1375"},"modified":"2016-08-13T11:00:59","modified_gmt":"2016-08-13T14:00:59","slug":"cofecon-realizara-solenidade-em-comemoracao-aos-65-anos-da-profissao-2","status":"publish","type":"post","link":"https:\/\/cofecon.org.br\/cofecon\/?p=1375","title":{"rendered":"Cofecon realizar\u00e1 solenidade em comemora\u00e7\u00e3o aos 65 anos da profiss\u00e3o"},"content":{"rendered":"<p style=\"text-align: justify;\"><img loading=\"lazy\" decoding=\"async\" class=\"size-medium wp-image-1376 alignleft\" src=\"http:\/\/www.cofecon.org.br\/wp-content\/uploads\/2017\/06\/104-300x169.png\" alt=\"\" width=\"300\" height=\"169\" srcset=\"https:\/\/cofecon.org.br\/cofecon\/wp-content\/uploads\/2017\/06\/104-300x169.png 300w, https:\/\/cofecon.org.br\/cofecon\/wp-content\/uploads\/2017\/06\/104.png 640w\" sizes=\"(max-width: 300px) 100vw, 300px\" \/>Os 65 anos da profiss\u00e3o de economista, completados em 2016, ser\u00e3o homenageados pelo Conselho Federal de Economia (Cofecon) e pelo Conselho Regional de Economia do Distrito Federal (Corecon-DF). A cerim\u00f4nia, que faz parte da agenda comemorativa \u00e0 Semana do Economista, ocorrer\u00e1 na sede da autarquia no dia 16 de agosto, \u00e0s 11h, no Plen\u00e1rio Jo\u00e3o Paulo de Almeida Magalh\u00e3es.<\/p>\n<p style=\"text-align: justify;\">Durante o evento, ser\u00e3o homenageados os ex-presidentes D\u00e9rcio Garcia Munhoz, economista em\u00e9rito do Corecon-DF que presidiu o Cofecon em 1986, e Jos\u00e9 Luiz Pagnussat, que esteve \u00e0 frente da autarquia em 1996. Ap\u00f3s o discurso dos homenageados, haver\u00e1 um <em>brunch<\/em> para os convidados.<\/p>\n","protected":false},"excerpt":{"rendered":"<p>Os 65 anos da profiss\u00e3o de economista, completados em 2016, ser\u00e3o homenageados pelo Conselho Federal de Economia (Cofecon) e pelo Conselho Regional de Economia do Distrito Federal (Corecon-DF). A cerim\u00f4nia, que faz parte da agenda comemorativa \u00e0 Semana do Economista,<\/p>\n<p><a class=\"more-link\" href=\"https:\/\/cofecon.org.br\/cofecon\/?p=1375\">Leia Mais<\/a><\/p>\n","protected":false},"author":1,"featured_media":0,"comment_status":"open","ping_status":"open","sticky":false,"template":"","format":"standard","meta":{"footnotes":""},"categories":[2],"tags":[],"class_list":["post-1375","post","type-post","status-publish","format-standard","hentry","category-noticias"],"_links":{"self":[{"href":"https:\/\/cofecon.org.br\/cofecon\/index.php?rest_route=\/wp\/v2\/posts\/1375"}],"collection":[{"href":"https:\/\/cofecon.org.br\/cofecon\/index.php?rest_route=\/wp\/v2\/posts"}],"about":[{"href":"https:\/\/cofecon.org.br\/cofecon\/index.php?rest_route=\/wp\/v2\/types\/post"}],"author":[{"embeddable":true,"href":"https:\/\/cofecon.org.br\/cofecon\/index.php?rest_route=\/wp\/v2\/users\/1"}],"replies":[{"embeddable":true,"href":"https:\/\/cofecon.org.br\/cofecon\/index.php?rest_route=%2Fwp%2Fv2%2Fcomments&post=1375"}],"version-history":[{"count":0,"href":"https:\/\/cofecon.org.br\/cofecon\/index.php?rest_route=\/wp\/v2\/posts\/1375\/revisions"}],"wp:attachment":[{"href":"https:\/\/cofecon.org.br\/cofecon\/index.php?rest_route=%2Fwp%2Fv2%2Fmedia&parent=1375"}],"wp:term":[{"taxonomy":"category","embeddable":true,"href":"https:\/\/cofecon.org.br\/cofecon\/index.php?rest_route=%2Fwp%2Fv2%2Fcategories&post=1375"},{"taxonomy":"post_tag","embeddable":true,"href":"https:\/\/cofecon.org.br\/cofecon\/index.php?rest_route=%2Fwp%2Fv2%2Ftags&post=1375"}],"curies":[{"name":"wp","href":"https:\/\/api.w.org\/{rel}","templated":true}]}}