{"id":1372,"date":"2016-08-11T10:59:15","date_gmt":"2016-08-11T13:59:15","guid":{"rendered":"http:\/\/www.cofecon.org.br\/?p=1372"},"modified":"2016-08-11T10:59:15","modified_gmt":"2016-08-11T13:59:15","slug":"vice-presidente-prestigia-vi-encontro-de-economia-do-sudeste","status":"publish","type":"post","link":"https:\/\/cofecon.org.br\/cofecon\/?p=1372","title":{"rendered":"Vice-presidente prestigia VI Encontro de Economia do Sudeste"},"content":{"rendered":"<p style=\"text-align: justify;\"><img loading=\"lazy\" decoding=\"async\" class=\"size-medium wp-image-1373 alignleft\" src=\"http:\/\/www.cofecon.org.br\/wp-content\/uploads\/2017\/06\/103-300x171.jpg\" alt=\"\" width=\"300\" height=\"171\" srcset=\"https:\/\/cofecon.org.br\/cofecon\/wp-content\/uploads\/2017\/06\/103-300x171.jpg 300w, https:\/\/cofecon.org.br\/cofecon\/wp-content\/uploads\/2017\/06\/103.jpg 679w\" sizes=\"(max-width: 300px) 100vw, 300px\" \/>O vice-presidente do Cofecon, Odisnei B\u00e9ga, representou a autarquia no VI Encontro de Economia do Sudeste, realizado nos dias 11 e 12 de agosto em Vit\u00f3ria, no Hotel Senac Ilha do Boi. Para discutir o tema central \u201cAgenda para o Brasil Sair da Crise\u201d, o evento ofereceu palestras com profissionais renomados de diferentes \u00e1reas.<\/p>\n<p style=\"text-align: justify;\">Ao todo, s\u00e3o seis pain\u00e9is, totalizando 18 horas de capacita\u00e7\u00e3o, com emiss\u00e3o de certificado de participa\u00e7\u00e3o. Os temas pautados v\u00e3o desde os mais pol\u00eamicos, como as reformas da Previd\u00eancia e Tribut\u00e1ria, at\u00e9 aqueles considerados estrat\u00e9gicos: qualidade do gasto p\u00fablico, endividamento e desindustraliza\u00e7\u00e3o, competitividade e com\u00e9rcio exterior, dentre outros.<\/p>\n<p style=\"text-align: justify;\">Em paralelo ao evento, foi realizada a Plen\u00e1ria e os despachos executivos da regi\u00e3o Sudeste, com presidentes e conselheiros dos Corecons de S\u00e3o Paulo, Rio de Janeiro, Minas Gerais e Esp\u00edrito Santos. Entre os assuntos destacados, o XXV Simp\u00f3sio Nacional dos Conselhos de Economia, a ser realizado de 31 de agosto a 3 de setembro em Natal, Rio Grande do Norte; e as elei\u00e7\u00f5es eletr\u00f4nicas, que pela primeira vez ser\u00e3o realizadas em todo o Brasil.<\/p>\n<p style=\"text-align: justify;\">Na reuni\u00e3o, os dirigentes dos Corecons da regi\u00e3o Sudeste aproveitaram a oportunidade para parabenizar a organiza\u00e7\u00e3o do evento, que teve mais de 200 inscritos e contou com pluralidade de pensamentos para discutir a crise, tema considerado muito oportuno na atual conjuntura.<\/p>\n","protected":false},"excerpt":{"rendered":"<p>O vice-presidente do Cofecon, Odisnei B\u00e9ga, representou a autarquia no VI Encontro de Economia do Sudeste, realizado nos dias 11 e 12 de agosto em Vit\u00f3ria, no Hotel Senac Ilha do Boi. Para discutir o tema central \u201cAgenda para o<\/p>\n<p><a class=\"more-link\" href=\"https:\/\/cofecon.org.br\/cofecon\/?p=1372\">Leia Mais<\/a><\/p>\n","protected":false},"author":1,"featured_media":0,"comment_status":"open","ping_status":"open","sticky":false,"template":"","format":"standard","meta":{"footnotes":""},"categories":[2],"tags":[],"class_list":["post-1372","post","type-post","status-publish","format-standard","hentry","category-noticias"],"_links":{"self":[{"href":"https:\/\/cofecon.org.br\/cofecon\/index.php?rest_route=\/wp\/v2\/posts\/1372"}],"collection":[{"href":"https:\/\/cofecon.org.br\/cofecon\/index.php?rest_route=\/wp\/v2\/posts"}],"about":[{"href":"https:\/\/cofecon.org.br\/cofecon\/index.php?rest_route=\/wp\/v2\/types\/post"}],"author":[{"embeddable":true,"href":"https:\/\/cofecon.org.br\/cofecon\/index.php?rest_route=\/wp\/v2\/users\/1"}],"replies":[{"embeddable":true,"href":"https:\/\/cofecon.org.br\/cofecon\/index.php?rest_route=%2Fwp%2Fv2%2Fcomments&post=1372"}],"version-history":[{"count":0,"href":"https:\/\/cofecon.org.br\/cofecon\/index.php?rest_route=\/wp\/v2\/posts\/1372\/revisions"}],"wp:attachment":[{"href":"https:\/\/cofecon.org.br\/cofecon\/index.php?rest_route=%2Fwp%2Fv2%2Fmedia&parent=1372"}],"wp:term":[{"taxonomy":"category","embeddable":true,"href":"https:\/\/cofecon.org.br\/cofecon\/index.php?rest_route=%2Fwp%2Fv2%2Fcategories&post=1372"},{"taxonomy":"post_tag","embeddable":true,"href":"https:\/\/cofecon.org.br\/cofecon\/index.php?rest_route=%2Fwp%2Fv2%2Ftags&post=1372"}],"curies":[{"name":"wp","href":"https:\/\/api.w.org\/{rel}","templated":true}]}}