{"id":1369,"date":"2016-08-11T10:57:50","date_gmt":"2016-08-11T13:57:50","guid":{"rendered":"http:\/\/www.cofecon.org.br\/?p=1369"},"modified":"2016-08-11T10:57:50","modified_gmt":"2016-08-11T13:57:50","slug":"presidente-do-cofecon-participou-da-semana-do-economista-no-maranhao","status":"publish","type":"post","link":"https:\/\/cofecon.org.br\/cofecon\/?p=1369","title":{"rendered":"Presidente do Cofecon participou da Semana do Economista no Maranh\u00e3o"},"content":{"rendered":"<p style=\"text-align: justify;\"><img loading=\"lazy\" decoding=\"async\" class=\"size-medium wp-image-1370 alignleft\" src=\"http:\/\/www.cofecon.org.br\/wp-content\/uploads\/2017\/06\/102-300x171.jpg\" alt=\"\" width=\"300\" height=\"171\" srcset=\"https:\/\/cofecon.org.br\/cofecon\/wp-content\/uploads\/2017\/06\/102-300x171.jpg 300w, https:\/\/cofecon.org.br\/cofecon\/wp-content\/uploads\/2017\/06\/102.jpg 679w\" sizes=\"(max-width: 300px) 100vw, 300px\" \/>O presidente do Conselho Federal de Economia, J\u00falio Miragaya, proferiu a palestra de abertura da Semana do Economista 2016 promovida pelo Conselho Regional de Economia do Maranh\u00e3o (Corecon-MA). O evento ocorreu no dia 10 de agosto, em S\u00e3o Lu\u00eds, no audit\u00f3rio central da Universidade Federal do Maranh\u00e3o. Miragaya falou sobre \u201cEconomia e Desenvolvimento Regional\u201d. Conselheiros regionais e o conselheiro federal Felipe de Holanda tamb\u00e9m estiveram presentes.<\/p>\n<p style=\"text-align: justify;\">Na mesma data, o presidente do Cofecon participou da Sess\u00e3o Plen\u00e1ria do Corecon-MA, que tem como presidente o economista Heric Santos Hosso\u00e9, para discutir as demandas dos economistas maranhenses. A participa\u00e7\u00e3o da presid\u00eancia do Cofecon em sess\u00f5es plen\u00e1rias regionais faz parte do projeto Ouvindo os Corecons. Diversos regionais j\u00e1 foram visitados desde o in\u00edcio do ano, entre eles, o CORECON-SP, CORECON-RJ, CORECON-PI, CORECON-MG, CORECON-RS, CORECON-GO, CORECON-AM e CORECON-CE.<\/p>\n","protected":false},"excerpt":{"rendered":"<p>O presidente do Conselho Federal de Economia, J\u00falio Miragaya, proferiu a palestra de abertura da Semana do Economista 2016 promovida pelo Conselho Regional de Economia do Maranh\u00e3o (Corecon-MA). O evento ocorreu no dia 10 de agosto, em S\u00e3o Lu\u00eds, no<\/p>\n<p><a class=\"more-link\" href=\"https:\/\/cofecon.org.br\/cofecon\/?p=1369\">Leia Mais<\/a><\/p>\n","protected":false},"author":1,"featured_media":0,"comment_status":"open","ping_status":"open","sticky":false,"template":"","format":"standard","meta":{"footnotes":""},"categories":[2],"tags":[],"class_list":["post-1369","post","type-post","status-publish","format-standard","hentry","category-noticias"],"_links":{"self":[{"href":"https:\/\/cofecon.org.br\/cofecon\/index.php?rest_route=\/wp\/v2\/posts\/1369"}],"collection":[{"href":"https:\/\/cofecon.org.br\/cofecon\/index.php?rest_route=\/wp\/v2\/posts"}],"about":[{"href":"https:\/\/cofecon.org.br\/cofecon\/index.php?rest_route=\/wp\/v2\/types\/post"}],"author":[{"embeddable":true,"href":"https:\/\/cofecon.org.br\/cofecon\/index.php?rest_route=\/wp\/v2\/users\/1"}],"replies":[{"embeddable":true,"href":"https:\/\/cofecon.org.br\/cofecon\/index.php?rest_route=%2Fwp%2Fv2%2Fcomments&post=1369"}],"version-history":[{"count":0,"href":"https:\/\/cofecon.org.br\/cofecon\/index.php?rest_route=\/wp\/v2\/posts\/1369\/revisions"}],"wp:attachment":[{"href":"https:\/\/cofecon.org.br\/cofecon\/index.php?rest_route=%2Fwp%2Fv2%2Fmedia&parent=1369"}],"wp:term":[{"taxonomy":"category","embeddable":true,"href":"https:\/\/cofecon.org.br\/cofecon\/index.php?rest_route=%2Fwp%2Fv2%2Fcategories&post=1369"},{"taxonomy":"post_tag","embeddable":true,"href":"https:\/\/cofecon.org.br\/cofecon\/index.php?rest_route=%2Fwp%2Fv2%2Ftags&post=1369"}],"curies":[{"name":"wp","href":"https:\/\/api.w.org\/{rel}","templated":true}]}}