{"id":1365,"date":"2016-08-10T10:55:25","date_gmt":"2016-08-10T13:55:25","guid":{"rendered":"http:\/\/www.cofecon.org.br\/?p=1365"},"modified":"2016-08-10T10:55:25","modified_gmt":"2016-08-10T13:55:25","slug":"corecon-df-promove-consultoria-economica-gratuita-a-populacao","status":"publish","type":"post","link":"https:\/\/cofecon.org.br\/cofecon\/?p=1365","title":{"rendered":"Corecon-DF promove consultoria econ\u00f4mica gratuita \u00e0 popula\u00e7\u00e3o"},"content":{"rendered":"<p style=\"text-align: justify;\"><img loading=\"lazy\" decoding=\"async\" class=\"size-medium wp-image-1366 alignleft\" src=\"http:\/\/www.cofecon.org.br\/wp-content\/uploads\/2017\/06\/100-300x225.jpg\" alt=\"\" width=\"300\" height=\"225\" srcset=\"https:\/\/cofecon.org.br\/cofecon\/wp-content\/uploads\/2017\/06\/100-300x225.jpg 300w, https:\/\/cofecon.org.br\/cofecon\/wp-content\/uploads\/2017\/06\/100-768x576.jpg 768w, https:\/\/cofecon.org.br\/cofecon\/wp-content\/uploads\/2017\/06\/100-800x600.jpg 800w, https:\/\/cofecon.org.br\/cofecon\/wp-content\/uploads\/2017\/06\/100-400x300.jpg 400w, https:\/\/cofecon.org.br\/cofecon\/wp-content\/uploads\/2017\/06\/100.jpg 960w\" sizes=\"(max-width: 300px) 100vw, 300px\" \/>Em uma de suas a\u00e7\u00f5es pela Semana do Economista, o Conselho Regional de Economia do Distrito Federal (Corecon-DF) promoveu um dia de consultoria econ\u00f4mica gratuita \u00e0 popula\u00e7\u00e3o de Bras\u00edlia. A iniciativa reuniu economistas e estudantes de Economia na Pra\u00e7a do Rel\u00f3gio, em Taguatinga, que compartilharam o seu conhecimento e ajudaram as pessoas a utilizarem seus recursos de maneira consciente. A a\u00e7\u00e3o come\u00e7ou \u00e0s 9h e estendeu-se at\u00e9 \u00e0s 17h. Tamb\u00e9m foram distribu\u00eddas diversas cartilhas com dicas econ\u00f4micas.<\/p>\n<p style=\"text-align: justify;\">A Semana do Economista \u00e9 uma tradi\u00e7\u00e3o do Corecon-DF. O intuito \u00e9 levar \u00e0 popula\u00e7\u00e3o o conhecimento sobre finan\u00e7as pessoais e incentivar a administra\u00e7\u00e3o sustent\u00e1vel da renda. &#8220;Essa a\u00e7\u00e3o se faz ainda mais importante agora, em que vivemos um momento de crise. N\u00f3s alertamos a popula\u00e7\u00e3o sobre as armadilhas em que podem se transformar as facilidades de cr\u00e9dito e o est\u00edmulo exacerbado ao consumo pelas propagandas&#8221;, justifica a presidente do Corecon-DF, Maria Cristina de Ara\u00fajo.<\/p>\n<p style=\"text-align: justify;\">Lourivaldo Leal, que foi atendido junto com sua esposa, Kenia Darc, compartilhou alguns dos conhecimentos adquiridos. &#8220;Na consultoria n\u00f3s aprendemos que o autocontrole \u00e9 fundamental para evitar d\u00edvidas desnecess\u00e1rias e que n\u00e3o devemos efetuar compras antes de pesquisar pre\u00e7os e condi\u00e7\u00f5es. S\u00e3o pr\u00e1ticas simples, mas percebemos que est\u00e1vamos falhando&#8221;.<\/p>\n<p style=\"text-align: justify;\">A empres\u00e1ria Roseni Zaidan tamb\u00e9m participou da a\u00e7\u00e3o e contou sua experi\u00eancia. &#8220;Falando com o economista, identifiquei alguns pontos em que eu e meus s\u00f3cios podemos melhorar na gest\u00e3o da nossa empresa. Anota\u00e7\u00f5es de receitas e despesas, por exemplo, muitas vezes passam batidas, mas hoje eu entendi que isso \u00e9 uma pr\u00e1tica indispens\u00e1vel para a sa\u00fade dos nossos neg\u00f3cios&#8221;, avaliou a empres\u00e1ria.<\/p>\n<p style=\"text-align: justify;\">Para o vendedor de revistas Kenedy Jos\u00e9 da Silva a conversa com o economista foi muito \u00fatil para ele entender a Economia de uma outra forma. &#8220;Como eu tenho muito pouco recurso, sempre coloquei em mente que n\u00e3o tenho como economizar e progredir. Hoje eu entendi que n\u00e3o \u00e9 bem assim. Um bom planejamento pode me ajudar a alcan\u00e7ar metas e objetivos pr\u00e9-estabelecidos&#8221;, explicou o aut\u00f4nomo.<\/p>\n<p style=\"text-align: justify;\">O vice-presidente do Corecon-DF, Ronalde Lins, os conselheiros Victor Hohl e C\u00e9sar Bergo, e os profissionais Francisco Rodrigues, Angeilton Lima, Daniel Soares, Marianne Pereira e Elis\u00e2ngela Resende tamb\u00e9m participaram da a\u00e7\u00e3o e prestaram consultorias. Os economistas contaram com a colabora\u00e7\u00e3o de membros do Corecon Acad\u00eamico, que utilizaram a oportunidade para, al\u00e9m de ajudar a popula\u00e7\u00e3o, ganhar experi\u00eancia profissional. &#8220;Esse evento \u00e9 muito importante para n\u00f3s, pois nos prepara para o mercado de trabalho. \u00c9 uma forma de assimilarmos a atua\u00e7\u00e3o e a import\u00e2ncia do economista na sociedade&#8221;, afirma a estudante do sexto semestre Giovana \u00c1lvares.<\/p>\n<p style=\"text-align: justify;\">A programa\u00e7\u00e3o da Semana do Economista do Corecon-DF conta tamb\u00e9m com palestras em universidades locais e debate sobre a economia da regi\u00e3o.<\/p>\n<p><img loading=\"lazy\" decoding=\"async\" class=\"size-medium wp-image-1367 aligncenter\" src=\"http:\/\/www.cofecon.org.br\/wp-content\/uploads\/2017\/06\/101-248x300.jpg\" alt=\"\" width=\"248\" height=\"300\" srcset=\"https:\/\/cofecon.org.br\/cofecon\/wp-content\/uploads\/2017\/06\/101-248x300.jpg 248w, https:\/\/cofecon.org.br\/cofecon\/wp-content\/uploads\/2017\/06\/101-768x931.jpg 768w, https:\/\/cofecon.org.br\/cofecon\/wp-content\/uploads\/2017\/06\/101.jpg 792w\" sizes=\"(max-width: 248px) 100vw, 248px\" \/><img decoding=\"async\" class=\"wpa-image-missing-alt size-medium none\" src=\"http:\/\/www.cofecon.org.br\/wp-content\/plugins\/wp-accessibility\/imgs\/alt-missing.png\" alt=\"This image requires alt text, but the alt text is currently blank. Either add alt text or mark the image as decorative.\" \/><\/p>\n<p>&nbsp;<\/p>\n<p>&nbsp;<\/p>\n<p>&nbsp;<\/p>\n","protected":false},"excerpt":{"rendered":"<p>Em uma de suas a\u00e7\u00f5es pela Semana do Economista, o Conselho Regional de Economia do Distrito Federal (Corecon-DF) promoveu um dia de consultoria econ\u00f4mica gratuita \u00e0 popula\u00e7\u00e3o de Bras\u00edlia. A iniciativa reuniu economistas e estudantes de Economia na Pra\u00e7a do<\/p>\n<p><a class=\"more-link\" href=\"https:\/\/cofecon.org.br\/cofecon\/?p=1365\">Leia Mais<\/a><\/p>\n","protected":false},"author":1,"featured_media":0,"comment_status":"open","ping_status":"open","sticky":false,"template":"","format":"standard","meta":{"footnotes":""},"categories":[2],"tags":[],"class_list":["post-1365","post","type-post","status-publish","format-standard","hentry","category-noticias"],"_links":{"self":[{"href":"https:\/\/cofecon.org.br\/cofecon\/index.php?rest_route=\/wp\/v2\/posts\/1365"}],"collection":[{"href":"https:\/\/cofecon.org.br\/cofecon\/index.php?rest_route=\/wp\/v2\/posts"}],"about":[{"href":"https:\/\/cofecon.org.br\/cofecon\/index.php?rest_route=\/wp\/v2\/types\/post"}],"author":[{"embeddable":true,"href":"https:\/\/cofecon.org.br\/cofecon\/index.php?rest_route=\/wp\/v2\/users\/1"}],"replies":[{"embeddable":true,"href":"https:\/\/cofecon.org.br\/cofecon\/index.php?rest_route=%2Fwp%2Fv2%2Fcomments&post=1365"}],"version-history":[{"count":0,"href":"https:\/\/cofecon.org.br\/cofecon\/index.php?rest_route=\/wp\/v2\/posts\/1365\/revisions"}],"wp:attachment":[{"href":"https:\/\/cofecon.org.br\/cofecon\/index.php?rest_route=%2Fwp%2Fv2%2Fmedia&parent=1365"}],"wp:term":[{"taxonomy":"category","embeddable":true,"href":"https:\/\/cofecon.org.br\/cofecon\/index.php?rest_route=%2Fwp%2Fv2%2Fcategories&post=1365"},{"taxonomy":"post_tag","embeddable":true,"href":"https:\/\/cofecon.org.br\/cofecon\/index.php?rest_route=%2Fwp%2Fv2%2Ftags&post=1365"}],"curies":[{"name":"wp","href":"https:\/\/api.w.org\/{rel}","templated":true}]}}