{"id":1361,"date":"2016-08-10T10:53:57","date_gmt":"2016-08-10T13:53:57","guid":{"rendered":"http:\/\/www.cofecon.org.br\/?p=1361"},"modified":"2016-08-10T10:53:57","modified_gmt":"2016-08-10T13:53:57","slug":"corecon-pr-distribui-cartilha-e-orienta-a-populacao-em-cinco-cidades-do-estado","status":"publish","type":"post","link":"https:\/\/cofecon.org.br\/cofecon\/?p=1361","title":{"rendered":"Corecon-PR distribui cartilha e orienta a popula\u00e7\u00e3o em cinco cidades do estado"},"content":{"rendered":"<p style=\"text-align: justify;\"><img loading=\"lazy\" decoding=\"async\" class=\"size-medium wp-image-1362 alignleft\" src=\"http:\/\/www.cofecon.org.br\/wp-content\/uploads\/2017\/06\/99-300x171.jpg\" alt=\"\" width=\"300\" height=\"171\" srcset=\"https:\/\/cofecon.org.br\/cofecon\/wp-content\/uploads\/2017\/06\/99-300x171.jpg 300w, https:\/\/cofecon.org.br\/cofecon\/wp-content\/uploads\/2017\/06\/99.jpg 679w\" sizes=\"(max-width: 300px) 100vw, 300px\" \/>O consumidor consciente de seus gastos, com as contas equilibradas, tem uma sa\u00fade financeira est\u00e1vel, o que gera bem-estar pessoal e se torna atrativo para o com\u00e9rcio, al\u00e9m de adotar boas pr\u00e1ticas para o meio ambiente. Para orientar os paranaenses, o Conselho Regional de Economia do Paran\u00e1 (Corecon-PR) promove em diversas cidades do estado, o projeto EnTENDA de Economia,\u00a0que levar\u00e1 informa\u00e7\u00f5es importantes para a popula\u00e7\u00e3o sobre como planejar o seu or\u00e7amento e melhorar a sua vida financeira.<\/p>\n<p style=\"text-align: justify;\">Economistas, professores de economia e acad\u00eamicos dos cursos de economia de diversas institui\u00e7\u00f5es de ensino superior do estado v\u00e3o prestar orienta\u00e7\u00f5es gratuitas para a comunidade, sanando d\u00favidas dos mais variados assuntos ligados ao tema, em tendas instaladas em Curitiba, Ponta Grossa, Maring\u00e1, Laranjeiras e Apucarana.<\/p>\n<p style=\"text-align: justify;\">A orienta\u00e7\u00e3o ser\u00e1 realizada atrav\u00e9s de tendas instaladas nestas cidades, onde os consumidores poder\u00e3o ter esclarecimentos sobre juros, infla\u00e7\u00e3o, c\u00e2mbio, importa\u00e7\u00e3o, exporta\u00e7\u00e3o, subs\u00eddio, taxa, tarifa, imposto, bolsa de valores, a\u00e7\u00f5es, produtos financeiros, al\u00e9m de procurar entender melhor como funcionam as opera\u00e7\u00f5es para a obten\u00e7\u00e3o de empr\u00e9stimos, financiamentos, uso do cart\u00e3o de cr\u00e9dito e do cheque especial, aplica\u00e7\u00e3o na bolsa de valores, portabilidade, entre outros.<\/p>\n<p style=\"text-align: justify;\">O p\u00fablico tamb\u00e9m poder\u00e1 retirar gratuitamente, na tenda, a cartilha \u201cEnTENDA de Economia: dicas para o consumo consciente\u201d, que traz uma orienta\u00e7\u00e3o completa para auxiliar o consumidor no planejamento eficiente dos seus gastos.<\/p>\n<p style=\"text-align: justify;\">Servi\u00e7o:<\/p>\n<p style=\"text-align: justify;\">11\/08 \u2013 Curitiba \u2013 cal\u00e7ada da Fae Centro Universit\u00e1rio (Rua 24 de maio, 135), das 15h \u00e0s 19h.<\/p>\n<p style=\"text-align: justify;\">12\/08 \u2013\u00a0Ponta Grossa &#8211; Parque Ambiental &#8211; das 9h \u00e0s 16h.<\/p>\n<p style=\"text-align: justify;\">13\/08 \u2013 Laranjeiras do Sul \u2013 \u00a0Pra\u00e7a Jos\u00e9 Nogueira do Amaral, ao lado do Gin\u00e1sio Laranjinha (Centro) das 9h \u00e0s 15h.<\/p>\n<p style=\"text-align: justify;\">13\/08 \u2013 Apucarana \u2013 na Pra\u00e7a Ruy Barbosa, em frente da Catedral de Apucarana &#8211; das 8h \u00e0s 16h.<\/p>\n<p style=\"text-align: justify;\">16\/08 \u2013 Maring\u00e1 \u2013 Terminal Urbano de Maring\u00e1 \u2013 das 10h \u00e0s 16h.<\/p>\n<p style=\"text-align: justify;\">Informa\u00e7\u00f5es: 41 3336-0701 ou\u00a0<a href=\"http:\/\/www.coreconpr.org.br\/\">www.coreconpr.org.br<\/a><\/p>\n<p>&nbsp;<\/p>\n","protected":false},"excerpt":{"rendered":"<p>O consumidor consciente de seus gastos, com as contas equilibradas, tem uma sa\u00fade financeira est\u00e1vel, o que gera bem-estar pessoal e se torna atrativo para o com\u00e9rcio, al\u00e9m de adotar boas pr\u00e1ticas para o meio ambiente. Para orientar os paranaenses,<\/p>\n<p><a class=\"more-link\" href=\"https:\/\/cofecon.org.br\/cofecon\/?p=1361\">Leia Mais<\/a><\/p>\n","protected":false},"author":1,"featured_media":0,"comment_status":"open","ping_status":"open","sticky":false,"template":"","format":"standard","meta":{"footnotes":""},"categories":[2],"tags":[],"class_list":["post-1361","post","type-post","status-publish","format-standard","hentry","category-noticias"],"_links":{"self":[{"href":"https:\/\/cofecon.org.br\/cofecon\/index.php?rest_route=\/wp\/v2\/posts\/1361"}],"collection":[{"href":"https:\/\/cofecon.org.br\/cofecon\/index.php?rest_route=\/wp\/v2\/posts"}],"about":[{"href":"https:\/\/cofecon.org.br\/cofecon\/index.php?rest_route=\/wp\/v2\/types\/post"}],"author":[{"embeddable":true,"href":"https:\/\/cofecon.org.br\/cofecon\/index.php?rest_route=\/wp\/v2\/users\/1"}],"replies":[{"embeddable":true,"href":"https:\/\/cofecon.org.br\/cofecon\/index.php?rest_route=%2Fwp%2Fv2%2Fcomments&post=1361"}],"version-history":[{"count":0,"href":"https:\/\/cofecon.org.br\/cofecon\/index.php?rest_route=\/wp\/v2\/posts\/1361\/revisions"}],"wp:attachment":[{"href":"https:\/\/cofecon.org.br\/cofecon\/index.php?rest_route=%2Fwp%2Fv2%2Fmedia&parent=1361"}],"wp:term":[{"taxonomy":"category","embeddable":true,"href":"https:\/\/cofecon.org.br\/cofecon\/index.php?rest_route=%2Fwp%2Fv2%2Fcategories&post=1361"},{"taxonomy":"post_tag","embeddable":true,"href":"https:\/\/cofecon.org.br\/cofecon\/index.php?rest_route=%2Fwp%2Fv2%2Ftags&post=1361"}],"curies":[{"name":"wp","href":"https:\/\/api.w.org\/{rel}","templated":true}]}}