{"id":1358,"date":"2016-08-11T10:52:05","date_gmt":"2016-08-11T13:52:05","guid":{"rendered":"http:\/\/www.cofecon.org.br\/?p=1358"},"modified":"2016-08-11T10:52:05","modified_gmt":"2016-08-11T13:52:05","slug":"corecon-df-e-fecomercio-df-promovem-debate-sobre-a-economia-do-distrito-federal","status":"publish","type":"post","link":"https:\/\/cofecon.org.br\/cofecon\/?p=1358","title":{"rendered":"Corecon-DF e Fecom\u00e9rcio-DF promovem debate sobre a economia do Distrito Federal"},"content":{"rendered":"<p style=\"text-align: justify;\"><img loading=\"lazy\" decoding=\"async\" class=\"size-medium wp-image-1359 alignleft\" src=\"http:\/\/www.cofecon.org.br\/wp-content\/uploads\/2017\/06\/48-300x171.png\" alt=\"\" width=\"300\" height=\"171\" srcset=\"https:\/\/cofecon.org.br\/cofecon\/wp-content\/uploads\/2017\/06\/48-300x171.png 300w, https:\/\/cofecon.org.br\/cofecon\/wp-content\/uploads\/2017\/06\/48.png 679w\" sizes=\"(max-width: 300px) 100vw, 300px\" \/>As realidades e as perspectivas da economia do Distrito Federal foram tema de debate realizado nesta quinta-feira (11), em Bras\u00edlia. O evento, organizado pela Federa\u00e7\u00e3o do Com\u00e9rcio de Bens, Servi\u00e7os e Turismo do Distrito Federal (Fecom\u00e9rcio-DF) e pelo Conselho Regional de Economia do Distrito Federal (Corecon-DF), faz parte das comemora\u00e7\u00f5es da Semana do Economista e reuniu diversos profissionais da \u00e1rea e representantes de diferentes setores produtivos para discutir a conjuntura local.<\/p>\n<p style=\"text-align: justify;\">\u00a0A presidente do Corecon-DF enalteceu o evento e destacou que o debate \u00e9 de suma import\u00e2ncia para os economistas, estudantes de Ci\u00eancias Econ\u00f4micas e para a popula\u00e7\u00e3o do Distrito Federal. &#8220;Temos consci\u00eancia que a sociedade espera de n\u00f3s propostas e a\u00e7\u00f5es concretas que nos levem \u00e0 recupera\u00e7\u00e3o da din\u00e2mica da nossa economia&#8221;, disse.<\/p>\n<p style=\"text-align: justify;\">O moderador do debate, Jos\u00e9 Eust\u00e1quio Moreira de Carvalho, que \u00e9 assessor econ\u00f4mico da Fecom\u00e9rcio-DF e conselheiro do Corecon-DF, ressaltou a import\u00e2ncia de entender a realidade local para tra\u00e7ar perspectivas e encontrar solu\u00e7\u00f5es para o momento de crise. &#8220;Temos que entender o que nos trouxe essa situa\u00e7\u00e3o para encontrarmos alternativas eficazes. A experi\u00eancia dos diversos setores aqui representados \u00e9 fundamental para fazer esse diagn\u00f3stico&#8221;.<\/p>\n<p style=\"text-align: justify;\">O momento delicado da economia local foi abordado pelo tamb\u00e9m conselheiro do Corecon-DF, Roberto Piscitelli. Para ele, o problema n\u00e3o \u00e9 apenas conjuntural. &#8220;A crise vai al\u00e9m do que grande parte de n\u00f3s tem enxergado, ela \u00e9 estrutural, pol\u00edtica e institucional. Precisamos aprofundar o debate nesse sentido&#8221;, alertou o economista.<\/p>\n<p style=\"text-align: justify;\">O presidente da Federa\u00e7\u00e3o das Ind\u00fastrias do Distrito Federal (Fibra), Jamal Jorge Bittar, chamou a aten\u00e7\u00e3o para o cen\u00e1rio de desequil\u00edbrio fiscal observado em grande parte dos estados, que imp\u00f5e desafios ao setor industrial. &#8220;Os governos precisam colocar as contas p\u00fablicas em ordem. Enquanto isso n\u00e3o acontecer, os investimentos seguir\u00e3o inibidos e o setor produtivo continuar\u00e1 a sofrer as consequ\u00eancias&#8221;, ponderou Bittar.<\/p>\n<p style=\"text-align: justify;\">A crise econ\u00f4mica favorece o quadro da concentra\u00e7\u00e3o da produ\u00e7\u00e3o agropecu\u00e1ria, que \u00e9 uma adversidade que tem se acentuado nas \u00faltimas d\u00e9cadas, segundo o presidente da Federa\u00e7\u00e3o da Agricultura e Pecu\u00e1ria do Distrito Federal (FAPE-DF), Renato Simpl\u00edcio Lopes. O gestor avalia que h\u00e1 car\u00eancia de pol\u00edticas fundi\u00e1rias rurais para reverter a situa\u00e7\u00e3o de &#8220;poucos produzirem muito e muitos produzirem pouco&#8221;, como relatou. No entanto, Lopes aponta um lado oportuno. &#8220;Ningu\u00e9m gosta de passar por crise, mas esse cen\u00e1rio propicia e estimula mudan\u00e7as necess\u00e1rias que n\u00e3o aconteceriam sem a manifesta\u00e7\u00e3o de um momento dif\u00edcil&#8221;.<\/p>\n<p style=\"text-align: justify;\">Encerrando as exposi\u00e7\u00f5es dos debatedores, o presidente da Fecom\u00e9rcio-DF, Aldemir Santana, recordou que o com\u00e9rcio foi o \u00faltimo setor a sentir os impactos da crise, ainda no final de 2014, mas que, desde ent\u00e3o, os reflexos t\u00eam sido muito fortes. &#8220;A renda da popula\u00e7\u00e3o caiu, como consequ\u00eancia, o poder de compra tamb\u00e9m. Logo, o consumo seguiu a mesma linha. As lojas sentiram uma forte queda nas receitas, muitas tiveram que fechar as portas e, assim, cresceu o desemprego e o mercado informal. Veio o endividamento das fam\u00edlias, a baixa arrecada\u00e7\u00e3o do Estado que, por fim, torna mais dif\u00edcil a sa\u00edda desse ciclo&#8221;, explicou.<\/p>\n<p style=\"text-align: justify;\">Quando o debate foi aberto ao p\u00fablico presente, diversos economistas e profissionais atuantes em Bras\u00edlia discutiram com os palestrantes poss\u00edveis a\u00e7\u00f5es para estimular o setor produtivo, recuperar a economia e aumentar a efici\u00eancia da Administra\u00e7\u00e3o P\u00fablica.<\/p>\n","protected":false},"excerpt":{"rendered":"<p>As realidades e as perspectivas da economia do Distrito Federal foram tema de debate realizado nesta quinta-feira (11), em Bras\u00edlia. O evento, organizado pela Federa\u00e7\u00e3o do Com\u00e9rcio de Bens, Servi\u00e7os e Turismo do Distrito Federal (Fecom\u00e9rcio-DF) e pelo Conselho Regional<\/p>\n<p><a class=\"more-link\" href=\"https:\/\/cofecon.org.br\/cofecon\/?p=1358\">Leia Mais<\/a><\/p>\n","protected":false},"author":1,"featured_media":0,"comment_status":"open","ping_status":"open","sticky":false,"template":"","format":"standard","meta":{"footnotes":""},"categories":[2],"tags":[],"class_list":["post-1358","post","type-post","status-publish","format-standard","hentry","category-noticias"],"_links":{"self":[{"href":"https:\/\/cofecon.org.br\/cofecon\/index.php?rest_route=\/wp\/v2\/posts\/1358"}],"collection":[{"href":"https:\/\/cofecon.org.br\/cofecon\/index.php?rest_route=\/wp\/v2\/posts"}],"about":[{"href":"https:\/\/cofecon.org.br\/cofecon\/index.php?rest_route=\/wp\/v2\/types\/post"}],"author":[{"embeddable":true,"href":"https:\/\/cofecon.org.br\/cofecon\/index.php?rest_route=\/wp\/v2\/users\/1"}],"replies":[{"embeddable":true,"href":"https:\/\/cofecon.org.br\/cofecon\/index.php?rest_route=%2Fwp%2Fv2%2Fcomments&post=1358"}],"version-history":[{"count":0,"href":"https:\/\/cofecon.org.br\/cofecon\/index.php?rest_route=\/wp\/v2\/posts\/1358\/revisions"}],"wp:attachment":[{"href":"https:\/\/cofecon.org.br\/cofecon\/index.php?rest_route=%2Fwp%2Fv2%2Fmedia&parent=1358"}],"wp:term":[{"taxonomy":"category","embeddable":true,"href":"https:\/\/cofecon.org.br\/cofecon\/index.php?rest_route=%2Fwp%2Fv2%2Fcategories&post=1358"},{"taxonomy":"post_tag","embeddable":true,"href":"https:\/\/cofecon.org.br\/cofecon\/index.php?rest_route=%2Fwp%2Fv2%2Ftags&post=1358"}],"curies":[{"name":"wp","href":"https:\/\/api.w.org\/{rel}","templated":true}]}}