{"id":13506,"date":"2020-12-07T09:54:53","date_gmt":"2020-12-07T12:54:53","guid":{"rendered":"https:\/\/www.cofecon.org.br\/?p=13506"},"modified":"2020-12-07T09:54:53","modified_gmt":"2020-12-07T12:54:53","slug":"lacerda-analisa-o-futuro-da-economia-brasileira","status":"publish","type":"post","link":"https:\/\/cofecon.org.br\/cofecon\/?p=13506","title":{"rendered":"Lacerda analisa o futuro da economia brasileira"},"content":{"rendered":"\n<p><img loading=\"lazy\" decoding=\"async\" class=\"size-full wp-image-13507 alignleft\" src=\"http:\/\/cofecon.org.br\/cofecon\/wp-content\/uploads\/2020\/12\/lacerda.jpg\" alt=\"\" width=\"350\" height=\"250\" srcset=\"https:\/\/cofecon.org.br\/cofecon\/wp-content\/uploads\/2020\/12\/lacerda.jpg 350w, https:\/\/cofecon.org.br\/cofecon\/wp-content\/uploads\/2020\/12\/lacerda-300x214.jpg 300w\" sizes=\"(max-width: 350px) 100vw, 350px\" \/>Em entrevista ao Jornal da Cultura no dia 4 de dezembro, o presidente do Cofecon, Antonio Corr\u00eaa de Lacerda,\u00a0 falou sobre futuro da economia sem o aux\u00edlio emergencial.<\/p>\n<p>&#8220;(A economia) n\u00e3o vai sobreviver. A economia precisa de algum apoio porque o Brasil \u00e9 muito peculiar. 70 milh\u00f5es de pessoas vivem da sua ocupa\u00e7\u00e3o para comer no pr\u00f3prio dia&#8221;, analisou Lacerda.<\/p>\n<p>Confira, a seguir, a an\u00e1lise completa:<\/p>\n<p><a href=\"https:\/\/fb.watch\/2dU1Ygvx67\/\">https:\/\/fb.watch\/2dU1Ygvx67\/<\/a><\/p>\n<p>\u00a0<\/p>\n","protected":false},"excerpt":{"rendered":"","protected":false},"author":1,"featured_media":13507,"comment_status":"closed","ping_status":"closed","sticky":false,"template":"","format":"standard","meta":{"footnotes":""},"categories":[27,2],"tags":[],"class_list":["post-13506","post","type-post","status-publish","format-standard","has-post-thumbnail","hentry","category-acoes-da-presidencia-lacerda","category-noticias"],"_links":{"self":[{"href":"https:\/\/cofecon.org.br\/cofecon\/index.php?rest_route=\/wp\/v2\/posts\/13506"}],"collection":[{"href":"https:\/\/cofecon.org.br\/cofecon\/index.php?rest_route=\/wp\/v2\/posts"}],"about":[{"href":"https:\/\/cofecon.org.br\/cofecon\/index.php?rest_route=\/wp\/v2\/types\/post"}],"author":[{"embeddable":true,"href":"https:\/\/cofecon.org.br\/cofecon\/index.php?rest_route=\/wp\/v2\/users\/1"}],"replies":[{"embeddable":true,"href":"https:\/\/cofecon.org.br\/cofecon\/index.php?rest_route=%2Fwp%2Fv2%2Fcomments&post=13506"}],"version-history":[{"count":0,"href":"https:\/\/cofecon.org.br\/cofecon\/index.php?rest_route=\/wp\/v2\/posts\/13506\/revisions"}],"wp:featuredmedia":[{"embeddable":true,"href":"https:\/\/cofecon.org.br\/cofecon\/index.php?rest_route=\/wp\/v2\/media\/13507"}],"wp:attachment":[{"href":"https:\/\/cofecon.org.br\/cofecon\/index.php?rest_route=%2Fwp%2Fv2%2Fmedia&parent=13506"}],"wp:term":[{"taxonomy":"category","embeddable":true,"href":"https:\/\/cofecon.org.br\/cofecon\/index.php?rest_route=%2Fwp%2Fv2%2Fcategories&post=13506"},{"taxonomy":"post_tag","embeddable":true,"href":"https:\/\/cofecon.org.br\/cofecon\/index.php?rest_route=%2Fwp%2Fv2%2Ftags&post=13506"}],"curies":[{"name":"wp","href":"https:\/\/api.w.org\/{rel}","templated":true}]}}