{"id":13490,"date":"2020-12-04T11:11:49","date_gmt":"2020-12-04T14:11:49","guid":{"rendered":"https:\/\/www.cofecon.org.br\/?p=13490"},"modified":"2020-12-04T11:11:49","modified_gmt":"2020-12-04T14:11:49","slug":"sistema-cofecon-corecons-define-vencedores-do-premio-destaque-economico-2020","status":"publish","type":"post","link":"https:\/\/cofecon.org.br\/cofecon\/?p=13490","title":{"rendered":"Sistema Cofecon\/Corecons define vencedores do Pr\u00eamio Destaque Econ\u00f4mico 2020"},"content":{"rendered":"\n<p><img loading=\"lazy\" decoding=\"async\" class=\"size-full wp-image-13492 alignleft\" src=\"http:\/\/cofecon.org.br\/cofecon\/wp-content\/uploads\/2020\/12\/WhatsApp-Image-2020-12-04-at-10.59.27-1.jpeg\" alt=\"\" width=\"350\" height=\"250\" srcset=\"https:\/\/cofecon.org.br\/cofecon\/wp-content\/uploads\/2020\/12\/WhatsApp-Image-2020-12-04-at-10.59.27-1.jpeg 350w, https:\/\/cofecon.org.br\/cofecon\/wp-content\/uploads\/2020\/12\/WhatsApp-Image-2020-12-04-at-10.59.27-1-300x214.jpeg 300w\" sizes=\"(max-width: 350px) 100vw, 350px\" \/>Reunidos na 700\u00aa Sess\u00e3o Plen\u00e1ria Ordin\u00e1ria, no dia 30 de novembro, os conselheiros federais elegeram os vencedores do Pr\u00eamio Destaque Econ\u00f4mico nas modalidades Academia, Desempenho T\u00e9cnico e M\u00eddia.<\/p>\n<p>A premia\u00e7\u00e3o \u00e9 promovida anualmente pelo Cofecon para prestigiar institui\u00e7\u00f5es que contribuem para o aprimoramento e desenvolvimento dos diversos campos da Ci\u00eancia Econ\u00f4mica, al\u00e9m de engrandecerem a profiss\u00e3o.<\/p>\n<p>Confira os vencedores de cada categoria:<\/p>\n<ul>\n<li>Academia: Universidade Estadual de Campinas (Unicamp)<\/li>\n<li>Desempenho T\u00e9cnico: Instituto Brasileiro de Geografia e Estat\u00edstica (IBGE)<\/li>\n<li>M\u00eddia: CNN Brasil<\/li>\n<\/ul>\n<p>A solenidade de entrega da honraria ocorrer\u00e1 no ano de 2021, na data prov\u00e1vel de 8 a 10 de setembro, durante o XXIV Congresso Brasileiro de Economia \u2013 CBE, em S\u00e3o Paulo-SP.<\/p>\n<p>\u00a0<\/p>\n","protected":false},"excerpt":{"rendered":"","protected":false},"author":1,"featured_media":13492,"comment_status":"closed","ping_status":"closed","sticky":false,"template":"","format":"standard","meta":{"footnotes":""},"categories":[2],"tags":[],"class_list":["post-13490","post","type-post","status-publish","format-standard","has-post-thumbnail","hentry","category-noticias"],"_links":{"self":[{"href":"https:\/\/cofecon.org.br\/cofecon\/index.php?rest_route=\/wp\/v2\/posts\/13490"}],"collection":[{"href":"https:\/\/cofecon.org.br\/cofecon\/index.php?rest_route=\/wp\/v2\/posts"}],"about":[{"href":"https:\/\/cofecon.org.br\/cofecon\/index.php?rest_route=\/wp\/v2\/types\/post"}],"author":[{"embeddable":true,"href":"https:\/\/cofecon.org.br\/cofecon\/index.php?rest_route=\/wp\/v2\/users\/1"}],"replies":[{"embeddable":true,"href":"https:\/\/cofecon.org.br\/cofecon\/index.php?rest_route=%2Fwp%2Fv2%2Fcomments&post=13490"}],"version-history":[{"count":0,"href":"https:\/\/cofecon.org.br\/cofecon\/index.php?rest_route=\/wp\/v2\/posts\/13490\/revisions"}],"wp:featuredmedia":[{"embeddable":true,"href":"https:\/\/cofecon.org.br\/cofecon\/index.php?rest_route=\/wp\/v2\/media\/13492"}],"wp:attachment":[{"href":"https:\/\/cofecon.org.br\/cofecon\/index.php?rest_route=%2Fwp%2Fv2%2Fmedia&parent=13490"}],"wp:term":[{"taxonomy":"category","embeddable":true,"href":"https:\/\/cofecon.org.br\/cofecon\/index.php?rest_route=%2Fwp%2Fv2%2Fcategories&post=13490"},{"taxonomy":"post_tag","embeddable":true,"href":"https:\/\/cofecon.org.br\/cofecon\/index.php?rest_route=%2Fwp%2Fv2%2Ftags&post=13490"}],"curies":[{"name":"wp","href":"https:\/\/api.w.org\/{rel}","templated":true}]}}