{"id":1349,"date":"2016-08-05T10:46:34","date_gmt":"2016-08-05T13:46:34","guid":{"rendered":"http:\/\/www.cofecon.org.br\/?p=1349"},"modified":"2016-08-05T10:46:34","modified_gmt":"2016-08-05T13:46:34","slug":"presidente-do-cofecon-participou-do-i-econesul-e-xxi-enesul-em-florianopolis","status":"publish","type":"post","link":"https:\/\/cofecon.org.br\/cofecon\/?p=1349","title":{"rendered":"Presidente do Cofecon participou do I ECONESUL E XXI ENESUL, em Florian\u00f3polis"},"content":{"rendered":"<p style=\"text-align: justify;\"><img loading=\"lazy\" decoding=\"async\" class=\"size-medium wp-image-1351 alignleft\" src=\"http:\/\/www.cofecon.org.br\/wp-content\/uploads\/2017\/06\/98-300x171.jpg\" alt=\"\" width=\"300\" height=\"171\" srcset=\"https:\/\/cofecon.org.br\/cofecon\/wp-content\/uploads\/2017\/06\/98-300x171.jpg 300w, https:\/\/cofecon.org.br\/cofecon\/wp-content\/uploads\/2017\/06\/98.jpg 679w\" sizes=\"(max-width: 300px) 100vw, 300px\" \/>O presidente do Conselho Federal de Economia, J\u00falio Miragaya, participou, de 4 a 6 de agosto, do I Encontro dos Economistas do Cone Sul (Econesul) e XXI Encontro de Economistas da Regi\u00e3o Sul (Enesul). A cerim\u00f4nia de abertura ocorreu no audit\u00f3rio Egon Freitag, no Centro de Eventos da FIESC, em Florian\u00f3polis. Al\u00e9m de participar da mesa de abertura, Miragaya tamb\u00e9m ministrou uma palestra durante o evento.<\/p>\n<p style=\"text-align: justify;\">A palestra de abertura foi do economista Roberto Padovani, que ocupa o cargo de economista-chefe do banco Votorantim desde 2011. Tamb\u00e9m foi s\u00f3cio da Tend\u00eancias Consultoria Integrada por dez anos e, no governo, acompanhou de perto a elabora\u00e7\u00e3o e implementa\u00e7\u00e3o do Plano Real. Eele falou sobre Impactos Macroecon\u00f4micos Decorrentes da Integra\u00e7\u00e3o das Economias do Cone Sul.<\/p>\n<p style=\"text-align: justify;\">No dia 5 de agosto, as atividades continuaram no audit\u00f3rio da ESAG\/UDESC, com debates sobre desafios e oportunidade para as economias do Sul, bem como desafios \u00e0 integra\u00e7\u00e3o econ\u00f4mica do Cone Sul.<\/p>\n<p style=\"text-align: justify;\">Foram realizados dois debates, sendo que o primeiro teve como tem\u00e1tica \u201cDesafios e Oportunidades para as Economias dos Estados do Sul do Brasil\u201d, com palestras dos economistas Fernando Seabra, Lucas Lautert Dezordi e Alfredo Meneghetti Neto. O segundo painel discutiu \u201cDesafios \u00e0 Integra\u00e7\u00e3o Econ\u00f4mica do Cone Sul\u201d, tendo como palestrantes o embaixador Samuel Pinheiro Guimar\u00e3es Neto, o economista Nildo Ouriques e o internacionalista Lucas Pereira Resende.<\/p>\n<p style=\"text-align: justify;\">O evento foi encerrado dia 6 de agosto no mesmo local, com debates sobre medidas macroecon\u00f4micas para viabilizar e fortalecer a integra\u00e7\u00e3o econ\u00f4mica no Cone Sul. O presidente J\u00falio Miragaya foi um dos palestrantes e falou sobre Medidas Macroecon\u00f4micas a Serem Implementadas para Viabilizar e\/ou Fortalecer a Integra\u00e7\u00e3o Econ\u00f4mica no Cone Sul.<\/p>\n<p style=\"text-align: justify;\">O Enesul re\u00fane economistas para discutir as quest\u00f5es da regi\u00e3o Sul do Brasil e \u00e9 realizado todos os anos. A sede \u00e9 escolhida em sistema de rod\u00edzio pelos tr\u00eas estados que a comp\u00f5em e neste ano a realiza\u00e7\u00e3o coube ao Corecon-SC.<\/p>\n<p style=\"text-align: justify;\"><strong>Despacho executivo<\/strong><\/p>\n<p>&nbsp;<\/p>\n<p style=\"text-align: justify;\"><img loading=\"lazy\" decoding=\"async\" class=\"size-medium wp-image-1350 alignleft\" src=\"http:\/\/www.cofecon.org.br\/wp-content\/uploads\/2017\/06\/97-300x171.jpg\" alt=\"\" width=\"300\" height=\"171\" srcset=\"https:\/\/cofecon.org.br\/cofecon\/wp-content\/uploads\/2017\/06\/97-300x171.jpg 300w, https:\/\/cofecon.org.br\/cofecon\/wp-content\/uploads\/2017\/06\/97.jpg 679w\" sizes=\"(max-width: 300px) 100vw, 300px\" \/>No dia 5 de agosto, o presidente do Cofecon realizou despacho executivo com os presidentes de Corecons da regi\u00e3o Sul. Trata-se de uma reuni\u00e3o de trabalho na qual o Cofecon apresenta o andamento de seus projetos e ouve as demandas dos presidentes de Conselhos Regionais de Economia.<\/p>\n<p style=\"text-align: justify;\">Participaram da reuni\u00e3o o conselheiro federal Henri Wolf Bejzman; a superintendente do Cofecon, Aline Tales; a presidente do Corecon-RS, Simone Magalh\u00e3es; o presidente do Corecon-SC, Paulo Roberto Polli Lobo; o vice-presidente do Corecon-SC, Horst Schroeder; e o vice-presidente do Corecon-PR, Eduardo Moreira Garcia.<\/p>\n<p style=\"text-align: justify;\">Na reuni\u00e3o, foram discutidos o PLS 658\/2007, que regulamenta o exerc\u00edcio da profiss\u00e3o de economista; as elei\u00e7\u00f5es eletr\u00f4nicas do Sistema Cofecon\/Corecons; a cria\u00e7\u00e3o do Cadastro Nacional de Peritos em Economia e Finan\u00e7as; e a Campanha Nacional pela redu\u00e7\u00e3o da desigualdade social no Brasil, proposta constante no programa do Cofecon e apresentada na 670\u00aa Sess\u00e3o Plen\u00e1ria.<\/p>\n","protected":false},"excerpt":{"rendered":"<p>O presidente do Conselho Federal de Economia, J\u00falio Miragaya, participou, de 4 a 6 de agosto, do I Encontro dos Economistas do Cone Sul (Econesul) e XXI Encontro de Economistas da Regi\u00e3o Sul (Enesul). A cerim\u00f4nia de abertura ocorreu no<\/p>\n<p><a class=\"more-link\" href=\"https:\/\/cofecon.org.br\/cofecon\/?p=1349\">Leia Mais<\/a><\/p>\n","protected":false},"author":1,"featured_media":0,"comment_status":"open","ping_status":"open","sticky":false,"template":"","format":"standard","meta":{"footnotes":""},"categories":[2],"tags":[],"class_list":["post-1349","post","type-post","status-publish","format-standard","hentry","category-noticias"],"_links":{"self":[{"href":"https:\/\/cofecon.org.br\/cofecon\/index.php?rest_route=\/wp\/v2\/posts\/1349"}],"collection":[{"href":"https:\/\/cofecon.org.br\/cofecon\/index.php?rest_route=\/wp\/v2\/posts"}],"about":[{"href":"https:\/\/cofecon.org.br\/cofecon\/index.php?rest_route=\/wp\/v2\/types\/post"}],"author":[{"embeddable":true,"href":"https:\/\/cofecon.org.br\/cofecon\/index.php?rest_route=\/wp\/v2\/users\/1"}],"replies":[{"embeddable":true,"href":"https:\/\/cofecon.org.br\/cofecon\/index.php?rest_route=%2Fwp%2Fv2%2Fcomments&post=1349"}],"version-history":[{"count":0,"href":"https:\/\/cofecon.org.br\/cofecon\/index.php?rest_route=\/wp\/v2\/posts\/1349\/revisions"}],"wp:attachment":[{"href":"https:\/\/cofecon.org.br\/cofecon\/index.php?rest_route=%2Fwp%2Fv2%2Fmedia&parent=1349"}],"wp:term":[{"taxonomy":"category","embeddable":true,"href":"https:\/\/cofecon.org.br\/cofecon\/index.php?rest_route=%2Fwp%2Fv2%2Fcategories&post=1349"},{"taxonomy":"post_tag","embeddable":true,"href":"https:\/\/cofecon.org.br\/cofecon\/index.php?rest_route=%2Fwp%2Fv2%2Ftags&post=1349"}],"curies":[{"name":"wp","href":"https:\/\/api.w.org\/{rel}","templated":true}]}}