{"id":13468,"date":"2020-12-02T20:03:39","date_gmt":"2020-12-02T23:03:39","guid":{"rendered":"https:\/\/www.cofecon.org.br\/?p=13468"},"modified":"2020-12-02T20:03:39","modified_gmt":"2020-12-02T23:03:39","slug":"lacerda-publica-livro-sobre-o-centenario-de-celso-furtado","status":"publish","type":"post","link":"https:\/\/cofecon.org.br\/cofecon\/?p=13468","title":{"rendered":"Lacerda publica livro sobre o centen\u00e1rio de Celso Furtado"},"content":{"rendered":"\n<p><img loading=\"lazy\" decoding=\"async\" class=\"wp-image-13469 size-medium alignleft\" src=\"http:\/\/cofecon.org.br\/cofecon\/wp-content\/uploads\/2020\/12\/Capa_2-206x300.png\" alt=\"\" width=\"206\" height=\"300\" srcset=\"https:\/\/cofecon.org.br\/cofecon\/wp-content\/uploads\/2020\/12\/Capa_2-206x300.png 206w, https:\/\/cofecon.org.br\/cofecon\/wp-content\/uploads\/2020\/12\/Capa_2-703x1024.png 703w, https:\/\/cofecon.org.br\/cofecon\/wp-content\/uploads\/2020\/12\/Capa_2-768x1118.png 768w, https:\/\/cofecon.org.br\/cofecon\/wp-content\/uploads\/2020\/12\/Capa_2-1055x1536.png 1055w, https:\/\/cofecon.org.br\/cofecon\/wp-content\/uploads\/2020\/12\/Capa_2-1407x2048.png 1407w, https:\/\/cofecon.org.br\/cofecon\/wp-content\/uploads\/2020\/12\/Capa_2-800x1165.png 800w, https:\/\/cofecon.org.br\/cofecon\/wp-content\/uploads\/2020\/12\/Capa_2.png 1880w\" sizes=\"(max-width: 206px) 100vw, 206px\" \/>No ano do centen\u00e1rio de Celso Furtado, o presidente do Cofecon, Antonio Corr\u00eaa de Lacerda, organizou e \u00e9 co-autor de livro em homenagem ao not\u00e1vel economista brasileiro. Lan\u00e7ado pela editora Contracorrente, \u201cCelso Furtado, 100 anos: pensamento e a\u00e7\u00e3o\u201d resgata os principais elementos da sua biografia, do seu pensamento e das suas atividades.\u00a0<\/p>\n<p><a href=\"https:\/\/loja-editoracontracorrente.com.br\/produto\/celso-furtado-100-anos-pensamento-e-acao\/\"><strong> O livro j\u00e1 est\u00e1 dispon\u00edvel para pr\u00e9-venda &#8211; clique aqui\u00a0<\/strong><\/a><\/p>\n<p>A obra conta com contribui\u00e7\u00f5es de importantes pensadores das melhores universidades brasileiras. Al\u00e9m de Antonio Corr\u00eaa de Lacerda, participam Andr\u00e9 Paiva Ramos, Francyelle do Nascimento Santos, David Deccache, Joaquim Miguel Couto, Julio Manoel Pires; Luiz Paulo F. Noguer\u00f3l, Rosa Maria Vieira e Rubens R. Sawaya.<\/p>\n<p><strong>Antonio Corr\u00eaa de Lacerda <\/strong>\u00e9 Professor-Doutor e Diretor da FEA-PUC\/SP. Doutor em economia pelo Instituto de Economia da Unicamp, mestre em economia pol\u00edtica e economista. Presidente do Conselho Federal de Economia (COFECON). Ex-coordenador do Programa de Estudos P\u00f3s-Graduados em Economia Pol\u00edtica da PUC\/SP. \u00c9 membro do Grupo de An\u00e1lise de Conjuntura Internacional da USP (GACINT). Foi economista-chefe e ocupou cargos de dire\u00e7\u00e3o em grandes empresas e organiza\u00e7\u00f5es. \u00c9 autor de v\u00e1rios artigos e escreveu ou colaborou em mais de 20 livros na \u00e1rea. Entre outros pr\u00eamios, foi eleito \u201cPersonalidade Econ\u00f4mica 2017\u201d pelo Conselho Federal de Economia (COFECON).<\/p>\n<h4>Ficha t\u00e9cnica<\/h4>\n<table width=\"397\">\n<tbody>\n<tr>\n<td width=\"155\">ISBN<\/td>\n<td width=\"242\">9786588470213<\/td>\n<\/tr>\n<tr>\n<td>T\u00edtulo<\/td>\n<td>Celso Furtado, 100 anos: pensamento e a\u00e7\u00e3o<\/td>\n<\/tr>\n<tr>\n<td>Editora<\/td>\n<td>Contracorrente<\/td>\n<\/tr>\n<tr>\n<td>Ano da Edi\u00e7\u00e3o<\/td>\n<td>2020<\/td>\n<\/tr>\n<tr>\n<td>N\u00ba Edi\u00e7\u00e3o<\/td>\n<td>\u00a01\u00aa edi\u00e7\u00e3o<\/td>\n<\/tr>\n<tr>\n<td>P\u00e1ginas<\/td>\n<td width=\"242\">250<\/td>\n<\/tr>\n<tr>\n<td>Encaderna\u00e7\u00e3o<\/td>\n<td width=\"242\">Brochura<\/td>\n<\/tr>\n<tr>\n<td>Organizador<\/td>\n<td>Antonio Corr\u00eaa de Lacerda<\/td>\n<\/tr>\n<tr>\n<td>Coautores<\/td>\n<td>Andr\u00e9 Paiva Ramos, Francyelle do Nascimento Santos, David Deccache, Joaquim Miguel Couto, Julio Manoel Pires, Luiz Paulo F. Noguer\u00f3l, Rosa Maria Vieira, Rubens R. Sawaya<\/td>\n<\/tr>\n<\/tbody>\n<\/table>\n<p>\u00a0<\/p>\n<p><strong>Sum\u00e1rio<\/strong><\/p>\n<p>Introdu\u00e7\u00e3o<\/p>\n<p>Cap\u00edtulo I \u2013 Celso Furtado em seu centen\u00e1rio de nascimento: pensamento e a\u00e7\u00e3o \u2013 Antonio Corr\u00eaa de Lacerda, Joaquim Miguel Couto, Luiz Paulo F. Noguer\u00f3l<\/p>\n<p>Cap\u00edtulo II \u2013 A planifica\u00e7\u00e3o, o Estado e as elites no pensamento de Celso Furtado \u2013 Rosa Maria Vieira<\/p>\n<p>Cap\u00edtulo III \u2013 O pensamento de Celso Furtado e a crise econ\u00f4mica atual \u2013 Ant\u00f4nio Corr\u00eaa de Lacerda, Julio Manuel Pires<\/p>\n<p>Cap\u00edtulo IV \u2013 Furtado: um sonho desfeito \u2013 Rubens Sawaya<\/p>\n<p>Cap\u00edtulo V \u2013 O pensamento e m\u00e9todo de Furtado: li\u00e7\u00f5es para a economia brasileira contempor\u00e2nea \u2013 Andr\u00e9 Paiva Ramos, Antonio Corr\u00eaa de Lacerda, Francyelle do Nascimento Santos, David Deccache<\/p>\n<p>Cap\u00edtulo VI \u2013 Uma estrat\u00e9gia para o Brasil \u2013 Antonio Corr\u00eaa de Lacerda<\/p>\n<p>\u00a0<\/p>\n","protected":false},"excerpt":{"rendered":"","protected":false},"author":1,"featured_media":13470,"comment_status":"closed","ping_status":"closed","sticky":false,"template":"","format":"standard","meta":{"footnotes":""},"categories":[27,2],"tags":[],"class_list":["post-13468","post","type-post","status-publish","format-standard","has-post-thumbnail","hentry","category-acoes-da-presidencia-lacerda","category-noticias"],"_links":{"self":[{"href":"https:\/\/cofecon.org.br\/cofecon\/index.php?rest_route=\/wp\/v2\/posts\/13468"}],"collection":[{"href":"https:\/\/cofecon.org.br\/cofecon\/index.php?rest_route=\/wp\/v2\/posts"}],"about":[{"href":"https:\/\/cofecon.org.br\/cofecon\/index.php?rest_route=\/wp\/v2\/types\/post"}],"author":[{"embeddable":true,"href":"https:\/\/cofecon.org.br\/cofecon\/index.php?rest_route=\/wp\/v2\/users\/1"}],"replies":[{"embeddable":true,"href":"https:\/\/cofecon.org.br\/cofecon\/index.php?rest_route=%2Fwp%2Fv2%2Fcomments&post=13468"}],"version-history":[{"count":0,"href":"https:\/\/cofecon.org.br\/cofecon\/index.php?rest_route=\/wp\/v2\/posts\/13468\/revisions"}],"wp:featuredmedia":[{"embeddable":true,"href":"https:\/\/cofecon.org.br\/cofecon\/index.php?rest_route=\/wp\/v2\/media\/13470"}],"wp:attachment":[{"href":"https:\/\/cofecon.org.br\/cofecon\/index.php?rest_route=%2Fwp%2Fv2%2Fmedia&parent=13468"}],"wp:term":[{"taxonomy":"category","embeddable":true,"href":"https:\/\/cofecon.org.br\/cofecon\/index.php?rest_route=%2Fwp%2Fv2%2Fcategories&post=13468"},{"taxonomy":"post_tag","embeddable":true,"href":"https:\/\/cofecon.org.br\/cofecon\/index.php?rest_route=%2Fwp%2Fv2%2Ftags&post=13468"}],"curies":[{"name":"wp","href":"https:\/\/api.w.org\/{rel}","templated":true}]}}