{"id":13466,"date":"2020-12-02T15:29:22","date_gmt":"2020-12-02T18:29:22","guid":{"rendered":"https:\/\/www.cofecon.org.br\/?p=13466"},"modified":"2020-12-02T15:29:22","modified_gmt":"2020-12-02T18:29:22","slug":"cofecon-realizou-700a-sessao-plenaria-ordinaria","status":"publish","type":"post","link":"https:\/\/cofecon.org.br\/cofecon\/?p=13466","title":{"rendered":"Cofecon realizou 700\u00aa Sess\u00e3o Plen\u00e1ria Ordin\u00e1ria"},"content":{"rendered":"\n<p>Conselheiros federais reuniram-se virtualmente no dia 30 de novembro durante a 700\u00aa Sess\u00e3o Plen\u00e1ria Ordin\u00e1ria do Cofecon. O encontro ocorreu por meio da plataforma Zoom e na ocasi\u00e3o foram discutidos assuntos que impactam diretamente a atua\u00e7\u00e3o dos profissionais no Pa\u00eds.<\/p>\n<p>Um dos assuntos em pauta foi a an\u00e1lise dos processos eleitorais dos Corecons. As elei\u00e7\u00f5es foram realizadas nos dias 28 a 30 de outubro a fim de renovar um ter\u00e7o dos conselheiros efetivos e conselheiros suplentes regionais, bem como indicar um delegado eleitor efetivo e um delegado eleitor suplente para as elei\u00e7\u00f5es do Cofecon. Os dossi\u00eas eleitorais dos Corecons das 26 Regi\u00f5es foram homologados, tornando os delegados eleitores aptos a participarem e exercerem o direito de voto na Assembleia de Delegados Eleitores, realizada no dia 1\u00ba de dezembro de 2020 &#8211; <a href=\"https:\/\/www.cofecon.org.br\/2020\/12\/01\/assembleia-elege-novos-conselheiros-federais-3\/\"><strong>Confira aqui o resultado.<\/strong><\/a><\/p>\n<p>O colegiado realizou vota\u00e7\u00e3o para definir os vencedores das premia\u00e7\u00f5es anuais. A economista Leda Maria Paulani ser\u00e1 agraciada com o Pr\u00eamio Personalidade Econ\u00f4mica do Ano 2020; sobre o Pr\u00eamio Destaque Econ\u00f4mico do Ano, o IBGE venceu a categoria Desempenho T\u00e9cnico; a Universidade Estadual de Campinas ficou em primeiro lugar na categoria Academia; e a CNN Brasil ganhou na categoria M\u00eddia. As homenagens ser\u00e3o feitas no pr\u00f3ximo ano, em evento realizado pela autarquia.<\/p>\n<p>A Comiss\u00e3o de Normas e Legisla\u00e7\u00e3o apresentou relat\u00f3rios sobre os temas como o programa de benef\u00edcios do Banco do Brasil aos graduados em Ci\u00eancias Econ\u00f4micas e plano de previd\u00eancia complementar aos profissionais registrados no Sistema Cofecon\/Corecons. Foram designados relatores para apreciar o m\u00e9rito das mat\u00e9rias, as quais ser\u00e3o novamente submetidas \u00e0 delibera\u00e7\u00e3o do Plen\u00e1rio do Cofecon.<\/p>\n<p>A Comiss\u00e3o de Normas tamb\u00e9m autorizou a realiza\u00e7\u00e3o de elei\u00e7\u00f5es para a presid\u00eancia do Cofecon e dos Corecons, exerc\u00edcio de 2021, de forma virtual, a partir da Resolu\u00e7\u00e3o n\u00ba 2058, de 1\u00ba de dezembro de 2020, que altera dispositivo da Resolu\u00e7\u00e3o n\u00ba 2.043, de 23 de abril de 2020, a qual institui medidas excepcionais para o enfrentamento do estado de calamidade p\u00fablica decorrente da Covid-19 no \u00e2mbito do Sistema Cofecon\/Corecons, e d\u00e1 outras provid\u00eancias.<\/p>\n<p>Durante a reuni\u00e3o, a Comiss\u00e3o Mulher Economista apresentou o resultado de pesquisa realizada com estudantes e profissionais da \u00e1rea, al\u00e9m de dados enviados pelos Corecons sobre a atua\u00e7\u00e3o feminina no Sistema Cofecon\/Corecons. O produto da pesquisa ser\u00e1 um artigo na pr\u00f3xima edi\u00e7\u00e3o da revista Economistas, publica\u00e7\u00e3o trimestral do Cofecon.<\/p>\n<p>O Grupo de Trabalho Transpar\u00eancia informou que o Tribunal de Contas da Uni\u00e3o revisou, em 2020, as normas de presta\u00e7\u00e3o de contas anuais, aprovadas pela Instru\u00e7\u00e3o Normativa TCU n\u00ba 84\/2020 e detalhadas pela DN-TCU n\u00ba 187\/2020. As regras contam com expressivas mudan\u00e7as referentes \u00e0 apresenta\u00e7\u00e3o dos Relat\u00f3rios de Gest\u00e3o dos Conselhos de Fiscaliza\u00e7\u00e3o Profissional. Como encaminhamento, foi aprovada a realiza\u00e7\u00e3o de uma reuni\u00e3o virtual conjunta organizada pela Comiss\u00e3o de Tomada de Contas (CTC) e pelo GT para prestar informa\u00e7\u00f5es aos Corecons e esclarecer d\u00favidas sobre o tema. O evento ser\u00e1 realizado dia 9\/12\/2020, \u00e0s 16h \u00e0s 18h.<\/p>\n<p>Durante a plen\u00e1ria tamb\u00e9m foi aprovada a cria\u00e7\u00e3o de um Grupo de Trabalho com vistas a orientar o processo de implementa\u00e7\u00e3o da Lei Geral de Prote\u00e7\u00e3o de Dados (13.709\/18), composto por membros do Cofecon e dos Corecons, com as seguintes atribui\u00e7\u00f5es: avaliar os mecanismos de tratamento e prote\u00e7\u00e3o de dados existentes e propor pol\u00edticas, estrat\u00e9gias e metas; formular princ\u00edpios e diretrizes para a gest\u00e3o de dados pessoais e propor sua regulamenta\u00e7\u00e3o; supervisionar a execu\u00e7\u00e3o dos planos, projetos e a\u00e7\u00f5es; prestar orienta\u00e7\u00f5es sobre o tratamento e a prote\u00e7\u00e3o de dados pessoais; promover o interc\u00e2mbio de informa\u00e7\u00f5es sobre a prote\u00e7\u00e3o de dados pessoais com outros \u00f3rg\u00e3os; al\u00e9m de\u00a0elaborar plano de trabalho que contemple: <br \/>&#8211; a\u00e7\u00f5es de transpar\u00eancia, <br \/>&#8211; mapeamento e registro de tratamento de dados; <br \/>&#8211; disponibiliza\u00e7\u00e3o de canal de exerc\u00edcio de direitos do titular; <br \/>&#8211; revis\u00e3o de contratos, conv\u00eanios e instrumentos cong\u00eaneres; <br \/>&#8211; seguran\u00e7a da informa\u00e7\u00e3o; e <br \/>&#8211; pol\u00edtica de privacidade.<\/p>\n<p>\u00a0<\/p>\n","protected":false},"excerpt":{"rendered":"","protected":false},"author":1,"featured_media":12438,"comment_status":"closed","ping_status":"closed","sticky":false,"template":"","format":"standard","meta":{"footnotes":""},"categories":[2],"tags":[],"class_list":["post-13466","post","type-post","status-publish","format-standard","has-post-thumbnail","hentry","category-noticias"],"_links":{"self":[{"href":"https:\/\/cofecon.org.br\/cofecon\/index.php?rest_route=\/wp\/v2\/posts\/13466"}],"collection":[{"href":"https:\/\/cofecon.org.br\/cofecon\/index.php?rest_route=\/wp\/v2\/posts"}],"about":[{"href":"https:\/\/cofecon.org.br\/cofecon\/index.php?rest_route=\/wp\/v2\/types\/post"}],"author":[{"embeddable":true,"href":"https:\/\/cofecon.org.br\/cofecon\/index.php?rest_route=\/wp\/v2\/users\/1"}],"replies":[{"embeddable":true,"href":"https:\/\/cofecon.org.br\/cofecon\/index.php?rest_route=%2Fwp%2Fv2%2Fcomments&post=13466"}],"version-history":[{"count":0,"href":"https:\/\/cofecon.org.br\/cofecon\/index.php?rest_route=\/wp\/v2\/posts\/13466\/revisions"}],"wp:featuredmedia":[{"embeddable":true,"href":"https:\/\/cofecon.org.br\/cofecon\/index.php?rest_route=\/wp\/v2\/media\/12438"}],"wp:attachment":[{"href":"https:\/\/cofecon.org.br\/cofecon\/index.php?rest_route=%2Fwp%2Fv2%2Fmedia&parent=13466"}],"wp:term":[{"taxonomy":"category","embeddable":true,"href":"https:\/\/cofecon.org.br\/cofecon\/index.php?rest_route=%2Fwp%2Fv2%2Fcategories&post=13466"},{"taxonomy":"post_tag","embeddable":true,"href":"https:\/\/cofecon.org.br\/cofecon\/index.php?rest_route=%2Fwp%2Fv2%2Ftags&post=13466"}],"curies":[{"name":"wp","href":"https:\/\/api.w.org\/{rel}","templated":true}]}}