{"id":1346,"date":"2016-08-10T10:45:10","date_gmt":"2016-08-10T13:45:10","guid":{"rendered":"http:\/\/www.cofecon.org.br\/?p=1346"},"modified":"2016-08-10T10:45:10","modified_gmt":"2016-08-10T13:45:10","slug":"cidade-de-vitoria-sedia-encontro-de-economistas-do-sudeste","status":"publish","type":"post","link":"https:\/\/cofecon.org.br\/cofecon\/?p=1346","title":{"rendered":"Cidade de Vit\u00f3ria sedia Encontro de Economistas do Sudeste"},"content":{"rendered":"<p style=\"text-align: justify;\"><img loading=\"lazy\" decoding=\"async\" class=\"size-medium wp-image-1262 alignleft\" src=\"http:\/\/www.cofecon.org.br\/wp-content\/uploads\/2017\/06\/81-300x171.jpg\" alt=\"\" width=\"300\" height=\"171\" srcset=\"https:\/\/cofecon.org.br\/cofecon\/wp-content\/uploads\/2017\/06\/81-300x171.jpg 300w, https:\/\/cofecon.org.br\/cofecon\/wp-content\/uploads\/2017\/06\/81.jpg 679w\" sizes=\"(max-width: 300px) 100vw, 300px\" \/>Vit\u00f3ria vai sediar o VI Encontro de Economia do Sudeste, nos dias 11 e 12 de agosto, no Hotel Senac Ilha do Boi, com o tema \u201cAgenda para o Brasil Sair da Crise\u201d. O evento \u00e9 organizado pelo Conselho Regional de Economia (Corecon-ES). Al\u00e9m de tratar do diagn\u00f3stico para os problemas atuais, a proposta dos organizadores \u00e9 ambiciosa: reunir solu\u00e7\u00f5es para que o Brasil possa retomar a trajet\u00f3ria de crescimento econ\u00f4mico.<\/p>\n<p style=\"text-align: justify;\">Devido \u00e0 interdisciplinaridade dos temas, neste ano, o encontro conta com a colabora\u00e7\u00e3o de profissionais de diferentes \u00e1reas. A secret\u00e1ria de Estado da Fazenda, Cristiane Mendon\u00e7a, e a secret\u00e1ria do Tesouro Nacional, Ana Paula Vescovi, participam do painel \u201cQualidade do Gasto P\u00fablico e Reforma Tribut\u00e1ria\u201d. J\u00e1 o Secret\u00e1rio de Economia e Planejamento, Regis Mattos, participa do painel \u201cPol\u00edticas Desenvolvimentistas\u201d<\/p>\n<p style=\"text-align: justify;\">Toda a sociedade est\u00e1 convidada a participar. \u00c9 uma oportunidade de interagir com especialistas de destaque nacional, para entender o cen\u00e1rio econ\u00f4mico, construir rede de relacionamentos e, tamb\u00e9m, de contribuir com a formula\u00e7\u00e3o de pol\u00edticas p\u00fablicas. As inscri\u00e7\u00f5es podem ser feitas pelo site <a href=\"http:\/\/www.corecon-es.org.br\">www.corecon-es.org.br<\/a>.<\/p>\n<p style=\"text-align: justify;\">O encontro come\u00e7a na quinta (11\/08), \u00e0s 9 horas. S\u00e3o seis pain\u00e9is, totalizando 18 horas de capacita\u00e7\u00e3o, com emiss\u00e3o de certificado de participa\u00e7\u00e3o. Os temas pautados v\u00e3o desde os mais pol\u00eamicos, como as reformas da Previd\u00eancia e Tribut\u00e1ria, at\u00e9 aqueles considerados estrat\u00e9gicos: qualidade do gasto p\u00fablico, endividamento e desindustraliza\u00e7\u00e3o, competitividade e com\u00e9rcio exterior, dentre outros.<\/p>\n<p style=\"text-align: justify;\">Os pain\u00e9is re\u00fanem cerca de 25 especialistas de diferentes linhas de pensamento. Participam desde profissionais que atuam no diagn\u00f3stico \u2013 como pesquisadores acad\u00eamicos de renome \u2013, como na formula\u00e7\u00e3o de pol\u00edticas p\u00fablicas e setoriais. Durante o evento, o economista e secret\u00e1rio de Estado da Educa\u00e7\u00e3o, Haroldo Rocha, ser\u00e1 homenageado com o pr\u00eamio Economista do Ano.<\/p>\n<table>\n<tbody>\n<tr>\n<td width=\"548\">\n<p><strong>PROGRAMA\u00c7\u00c3O<\/strong><\/p>\n<p>&nbsp;<\/p>\n<table>\n<tbody>\n<tr>\n<td colspan=\"2\" width=\"541\">Painel 1 &#8211; Agenda para o Brasil Sair da Crise (11\/08 de 9h \u00e0s 11h)<\/td>\n<\/tr>\n<tr>\n<td width=\"160\">\n<p>Renato Fonseca<\/p>\n<p>Luis Mendes<\/p>\n<p>La\u00e9rcio Oliveira<\/p>\n<p>Everton Chaves<\/p>\n<p>Odisnei Bega<\/p>\n<p>Eduardo Araujo<\/p>\n<\/td>\n<td width=\"380\">\n<p>Economista da Confedera\u00e7\u00e3o Nacional da Ind\u00fastria<\/p>\n<p>Economista da C\u00e2mara Brasileira da Ind\u00fastria da Constru\u00e7\u00e3o<\/p>\n<p>Vice-presidente da Confedera\u00e7\u00e3o Nacional do Com\u00e9rcio<\/p>\n<p>Economista da Confedera\u00e7\u00e3o Nacional Dirigentes Logistas<\/p>\n<p>Vice-Presidente do Conselho Federal de Economia<\/p>\n<p>Presidente do Conselho de Economia do ES<\/p>\n<\/td>\n<\/tr>\n<\/tbody>\n<\/table>\n<p>&nbsp;<\/p>\n<table>\n<tbody>\n<tr>\n<td colspan=\"2\" width=\"541\">Painel 2 &#8211; \u00a0 \u00a0 Pol\u00edticas Desenvolvimentistas (11\/08 \u00e0s 13h30min)<\/td>\n<\/tr>\n<tr>\n<td width=\"160\">\n<p>Pedro Pettersen<\/p>\n<p>Arlindo Villaschi<\/p>\n<p>Regis Mattos<\/p>\n<\/td>\n<td width=\"380\">\n<p>Vice-Presidente Conselho de Economia de MG<\/p>\n<p>Professor da UFES<\/p>\n<p>Secret\u00e1rio de Economia e Planejamento<\/p>\n<\/td>\n<\/tr>\n<\/tbody>\n<\/table>\n<p>&nbsp;<\/p>\n<table>\n<tbody>\n<tr>\n<td colspan=\"2\" width=\"541\">Painel 3 &#8211; \u00a0 \u00a0 Financeiriza\u00e7\u00e3o e Desindustrializa\u00e7\u00e3o (11\/08 \u00e0s 15h)<\/td>\n<\/tr>\n<tr>\n<td width=\"160\">\n<p>Miguel Bruno<\/p>\n<p>Ant\u00f4nio Lutterbach<\/p>\n<p>Marcos Adolfo Ferrari<\/p>\n<\/td>\n<td width=\"380\">\n<p>Professor da ENCE-IBGE \/ UERJ \/ FCE-Mackenzie-Rio<\/p>\n<p>Presidente Conselho de Economia do RJ<\/p>\n<p>Secret\u00e1rio do Minist\u00e9rio do Planejamento<\/p>\n<\/td>\n<\/tr>\n<\/tbody>\n<\/table>\n<p>&nbsp;<\/p>\n<table>\n<tbody>\n<tr>\n<td colspan=\"2\" width=\"535\">Comemora\u00e7\u00e3o do Dia do Economista (11\/08 \u00e0s 19h)<\/td>\n<\/tr>\n<tr>\n<td width=\"160\">\n<p>Samuel Pess\u00f4a<\/p>\n<p>Haroldo Rocha<\/p>\n<\/td>\n<td width=\"374\">\n<p>Professor FGV \/ Articulista da Folha SP<\/p>\n<p>Secret\u00e1rio de Educa\u00e7\u00e3o &#8211; Economista Capixaba do Ano 2016<\/p>\n<\/td>\n<\/tr>\n<tr>\n<td colspan=\"2\" width=\"535\">\n<p>Palestra de Samuel Pess\u00f4a (FGV | Articulista Folha SP)<\/p>\n<p>Homenagem ao Economista Capixaba do Ano &#8211; Haroldo Rocha<\/p>\n<p>Pr\u00eamio ES de Economia: Artigos e Monografias<\/p>\n<\/td>\n<\/tr>\n<\/tbody>\n<\/table>\n<p>&nbsp;<\/p>\n<table>\n<tbody>\n<tr>\n<td colspan=\"2\" width=\"541\">Painel 4 &#8211; Reforma da Previd\u00eancia (12\/08 \u00e0s 8h30min)<\/td>\n<\/tr>\n<tr>\n<td width=\"160\">\n<p>Eduardo Zylberstajn<\/p>\n<p>Paulo Tafner<\/p>\n<p>Jorge Arbache<\/p>\n<\/td>\n<td width=\"380\">\n<p>Professor da FGV<\/p>\n<p>Pesquisador do IPEA \/ Sefaz-RJ<\/p>\n<p>Professor UnB \/ Articulista UnB<\/p>\n<\/td>\n<\/tr>\n<\/tbody>\n<\/table>\n<p>&nbsp;<\/p>\n<table>\n<tbody>\n<tr>\n<td colspan=\"2\" width=\"541\">Painel 5 &#8211; \u00a0 \u00a0 Competitividade e Com\u00e9rcio Exterior (12\/08 \u00e0s 10h30)<\/td>\n<\/tr>\n<tr>\n<td width=\"160\">\n<p>Jorge Arbache<\/p>\n<p>Manuel Garcia<\/p>\n<p>Luiz Machado<\/p>\n<p>Durval Freitas<\/p>\n<\/td>\n<td width=\"380\">\n<p>Professor UnB \/ Articulista Valor Econ\u00f4mico<\/p>\n<p>Presidente do Conselho de Economia SP<\/p>\n<p>Conselheiro do Cofecon<\/p>\n<p>Presidente da Centro Capixaba de Desenv. Metalmec\u00e2nico<\/p>\n<\/td>\n<\/tr>\n<\/tbody>\n<\/table>\n<p>&nbsp;<\/p>\n<table>\n<tbody>\n<tr>\n<td colspan=\"2\" width=\"541\">Painel 6 &#8211; \u00a0 \u00a0 Qualidade do Gasto P\u00fablico e Reforma Tribut\u00e1ria (12\/08 \u00e0s 14h)<\/td>\n<\/tr>\n<tr>\n<td width=\"160\">\n<p>Ana Paula Vescovi<\/p>\n<p>Aloisio Araujo<\/p>\n<p>Augusto Monteiro<\/p>\n<p>Bruno Funchal<\/p>\n<p>Cristiane Mendon\u00e7a<\/p>\n<p>Paulo Hartung<\/p>\n<\/td>\n<td width=\"380\">\n<p>Secret\u00e1ria do Tesouro Nacional<\/p>\n<p>Professor FGV e IMPA<\/p>\n<p>Presidente do Grupo dos Gestores Financeiros dos Estados<\/p>\n<p>Professor da Fucape<\/p>\n<p>Secret\u00e1ria de Estado da Fazenda do ES<\/p>\n<p>Economista e Governador do ES &#8211; a confirmar<\/p>\n<\/td>\n<\/tr>\n<\/tbody>\n<\/table>\n<p>&nbsp;<\/p>\n<\/td>\n<\/tr>\n<\/tbody>\n<\/table>\n","protected":false},"excerpt":{"rendered":"<p>Vit\u00f3ria vai sediar o VI Encontro de Economia do Sudeste, nos dias 11 e 12 de agosto, no Hotel Senac Ilha do Boi, com o tema \u201cAgenda para o Brasil Sair da Crise\u201d. O evento \u00e9 organizado pelo Conselho Regional<\/p>\n<p><a class=\"more-link\" href=\"https:\/\/cofecon.org.br\/cofecon\/?p=1346\">Leia Mais<\/a><\/p>\n","protected":false},"author":1,"featured_media":0,"comment_status":"open","ping_status":"open","sticky":false,"template":"","format":"standard","meta":{"footnotes":""},"categories":[2],"tags":[],"class_list":["post-1346","post","type-post","status-publish","format-standard","hentry","category-noticias"],"_links":{"self":[{"href":"https:\/\/cofecon.org.br\/cofecon\/index.php?rest_route=\/wp\/v2\/posts\/1346"}],"collection":[{"href":"https:\/\/cofecon.org.br\/cofecon\/index.php?rest_route=\/wp\/v2\/posts"}],"about":[{"href":"https:\/\/cofecon.org.br\/cofecon\/index.php?rest_route=\/wp\/v2\/types\/post"}],"author":[{"embeddable":true,"href":"https:\/\/cofecon.org.br\/cofecon\/index.php?rest_route=\/wp\/v2\/users\/1"}],"replies":[{"embeddable":true,"href":"https:\/\/cofecon.org.br\/cofecon\/index.php?rest_route=%2Fwp%2Fv2%2Fcomments&post=1346"}],"version-history":[{"count":0,"href":"https:\/\/cofecon.org.br\/cofecon\/index.php?rest_route=\/wp\/v2\/posts\/1346\/revisions"}],"wp:attachment":[{"href":"https:\/\/cofecon.org.br\/cofecon\/index.php?rest_route=%2Fwp%2Fv2%2Fmedia&parent=1346"}],"wp:term":[{"taxonomy":"category","embeddable":true,"href":"https:\/\/cofecon.org.br\/cofecon\/index.php?rest_route=%2Fwp%2Fv2%2Fcategories&post=1346"},{"taxonomy":"post_tag","embeddable":true,"href":"https:\/\/cofecon.org.br\/cofecon\/index.php?rest_route=%2Fwp%2Fv2%2Ftags&post=1346"}],"curies":[{"name":"wp","href":"https:\/\/api.w.org\/{rel}","templated":true}]}}