{"id":13453,"date":"2020-12-04T10:12:28","date_gmt":"2020-12-04T13:12:28","guid":{"rendered":"https:\/\/www.cofecon.org.br\/?p=13453"},"modified":"2020-12-04T10:12:28","modified_gmt":"2020-12-04T13:12:28","slug":"leda-maria-paulani-e-escolhida-personalidade-economica-do-ano-2020","status":"publish","type":"post","link":"https:\/\/cofecon.org.br\/cofecon\/?p=13453","title":{"rendered":"Leda Maria Paulani \u00e9 escolhida Personalidade Econ\u00f4mica do Ano 2020"},"content":{"rendered":"\n<p><img loading=\"lazy\" decoding=\"async\" class=\"alignleft wp-image-13454 size-medium\" src=\"http:\/\/cofecon.org.br\/cofecon\/wp-content\/uploads\/2020\/12\/leda-200x300.jpg\" alt=\"\" width=\"200\" height=\"300\" srcset=\"https:\/\/cofecon.org.br\/cofecon\/wp-content\/uploads\/2020\/12\/leda-200x300.jpg 200w, https:\/\/cofecon.org.br\/cofecon\/wp-content\/uploads\/2020\/12\/leda.jpg 400w\" sizes=\"(max-width: 200px) 100vw, 200px\" \/>O Sistema Cofecon\/Corecons elegeu a economista Leda Maria Paulani como Personalidade do Ano 2020. Conselheiros federais e regionais participaram da vota\u00e7\u00e3o, finalizada na 700\u00aa Plen\u00e1ria Ordin\u00e1ria do Cofecon, no dia 30 de novembro deste ano.<\/p>\n<p>A solenidade de entrega da honraria ocorrer\u00e1 no ano de 2021, na data prov\u00e1vel de 8 a 10 de setembro, durante o XXIV Congresso Brasileiro de Economia \u2013 CBE, em S\u00e3o Paulo-SP.<\/p>\n<p>Leda Maria Paulani \u00e9 formada em Economia pela FEA-USP e em Comunica\u00e7\u00e3o Social pela ECA-USP. Possui Doutorado em Teoria Econ\u00f4mica pelo Instituto de Pesquisas Econ\u00f4micas da Universidade de S\u00e3o Paulo &#8211; IPE\/USP (1992). \u00c9 livre-docente junto ao Departamento de Economia da FEA-USP (2004). \u00c9 professora do Departamento de Economia e da P\u00f3s-gradua\u00e7\u00e3o em Economia da Faculdade de Economia, Administra\u00e7\u00e3o e Contabilidade da Universidade de S\u00e3o Paulo &#8211; FEA\/USP desde 1988 e professora titular na mesma unidade desde 2007. \u00c9 pesquisadora do CNPq (bolsista de Produtividade em Pesquisa n\u00edvel 1D) e publica regularmente em peri\u00f3dicos nacionais e internacionais da \u00e1rea de economia e demais \u00e1reas das Ci\u00eancias Humanas. Trabalha principalmente com Economia Pol\u00edtica e Marxismo, Metodologia da Economia, Hist\u00f3ria das Id\u00e9ias Econ\u00f4micas, Economia Brasileira e Contabilidade Social. De 2004 a 2008 foi presidente da Sociedade Brasileira de Economia Pol\u00edtica (SEP). De janeiro de 2001 a abril de 2003 foi assessora chefe do gabinete da Secretaria de Finan\u00e7as da Prefeitura de S\u00e3o Paulo. De janeiro de 2013 a mar\u00e7o de 2015 foi secret\u00e1ria municipal de planejamento, or\u00e7amento e gest\u00e3o da Prefeitura de S\u00e3o Paulo.<span class=\"texto\"> (Fonte: Curr\u00edculo Lattes. Texto informado pela autora)<\/span><\/p>\n","protected":false},"excerpt":{"rendered":"","protected":false},"author":1,"featured_media":13463,"comment_status":"closed","ping_status":"closed","sticky":false,"template":"","format":"standard","meta":{"footnotes":""},"categories":[2],"tags":[],"class_list":["post-13453","post","type-post","status-publish","format-standard","has-post-thumbnail","hentry","category-noticias"],"_links":{"self":[{"href":"https:\/\/cofecon.org.br\/cofecon\/index.php?rest_route=\/wp\/v2\/posts\/13453"}],"collection":[{"href":"https:\/\/cofecon.org.br\/cofecon\/index.php?rest_route=\/wp\/v2\/posts"}],"about":[{"href":"https:\/\/cofecon.org.br\/cofecon\/index.php?rest_route=\/wp\/v2\/types\/post"}],"author":[{"embeddable":true,"href":"https:\/\/cofecon.org.br\/cofecon\/index.php?rest_route=\/wp\/v2\/users\/1"}],"replies":[{"embeddable":true,"href":"https:\/\/cofecon.org.br\/cofecon\/index.php?rest_route=%2Fwp%2Fv2%2Fcomments&post=13453"}],"version-history":[{"count":0,"href":"https:\/\/cofecon.org.br\/cofecon\/index.php?rest_route=\/wp\/v2\/posts\/13453\/revisions"}],"wp:featuredmedia":[{"embeddable":true,"href":"https:\/\/cofecon.org.br\/cofecon\/index.php?rest_route=\/wp\/v2\/media\/13463"}],"wp:attachment":[{"href":"https:\/\/cofecon.org.br\/cofecon\/index.php?rest_route=%2Fwp%2Fv2%2Fmedia&parent=13453"}],"wp:term":[{"taxonomy":"category","embeddable":true,"href":"https:\/\/cofecon.org.br\/cofecon\/index.php?rest_route=%2Fwp%2Fv2%2Fcategories&post=13453"},{"taxonomy":"post_tag","embeddable":true,"href":"https:\/\/cofecon.org.br\/cofecon\/index.php?rest_route=%2Fwp%2Fv2%2Ftags&post=13453"}],"curies":[{"name":"wp","href":"https:\/\/api.w.org\/{rel}","templated":true}]}}