{"id":13443,"date":"2020-12-02T17:59:55","date_gmt":"2020-12-02T20:59:55","guid":{"rendered":"https:\/\/www.cofecon.org.br\/?p=13443"},"modified":"2020-12-02T17:59:55","modified_gmt":"2020-12-02T20:59:55","slug":"conselheiros-ministram-oficina-gratuita-em-feira-internacional-de-cooperativismo","status":"publish","type":"post","link":"https:\/\/cofecon.org.br\/cofecon\/?p=13443","title":{"rendered":"Conselheiros federais ministram oficina gratuita em feira internacional de cooperativismo"},"content":{"rendered":"\n<p><img loading=\"lazy\" decoding=\"async\" class=\"wp-image-13444 size-medium alignleft\" src=\"http:\/\/cofecon.org.br\/cofecon\/wp-content\/uploads\/2020\/12\/WhatsApp-Image-2020-11-27-at-15.09.22-300x300.jpeg\" alt=\"\" width=\"300\" height=\"300\" srcset=\"https:\/\/cofecon.org.br\/cofecon\/wp-content\/uploads\/2020\/12\/WhatsApp-Image-2020-11-27-at-15.09.22-300x300.jpeg 300w, https:\/\/cofecon.org.br\/cofecon\/wp-content\/uploads\/2020\/12\/WhatsApp-Image-2020-11-27-at-15.09.22-1024x1024.jpeg 1024w, https:\/\/cofecon.org.br\/cofecon\/wp-content\/uploads\/2020\/12\/WhatsApp-Image-2020-11-27-at-15.09.22-150x150.jpeg 150w, https:\/\/cofecon.org.br\/cofecon\/wp-content\/uploads\/2020\/12\/WhatsApp-Image-2020-11-27-at-15.09.22-768x768.jpeg 768w, https:\/\/cofecon.org.br\/cofecon\/wp-content\/uploads\/2020\/12\/WhatsApp-Image-2020-11-27-at-15.09.22-800x800.jpeg 800w, https:\/\/cofecon.org.br\/cofecon\/wp-content\/uploads\/2020\/12\/WhatsApp-Image-2020-11-27-at-15.09.22-250x250.jpeg 250w, https:\/\/cofecon.org.br\/cofecon\/wp-content\/uploads\/2020\/12\/WhatsApp-Image-2020-11-27-at-15.09.22.jpeg 1280w\" sizes=\"(max-width: 300px) 100vw, 300px\" \/>Os conselheiros federais Denise Kassama, Lauro Chaves Neto e Teresinha de Jesus Ferreira apresentam, nesta sexta-feira, 4 de dezembro, uma oficina gratuita sobre gerenciamento de empreendimentos solid\u00e1rios. A iniciativa faz parte da programa\u00e7\u00e3o da 27\u00ba Feira Internacional do Cooperativismo (Feicoop) e ser\u00e1 transmitida no canal do Cofecon no Youtube &#8211; <a href=\"http:\/\/www.youtube.com\/c\/Cofecon\"><strong>www.youtube.com\/c\/Cofecon<\/strong><\/a><\/p>\n<p>Neste ano, a Feicoop ocorrer\u00e1 exclusivamente no ambiente online por causa da pandemia do novo coronav\u00edrus. O evento, organizado pelo Projeto Esperan\u00e7a Cooesperan\u00e7a de Santa Maria (RS), ocorrer\u00e1 de 01 a 15 de dezembro e tamb\u00e9m marca a 1\u00aa Jornada Intercontinental de Economia Solid\u00e1ria. A irm\u00e3 Lourdes Dill, agraciada com o Pr\u00eamio Mulher Transformadora 2020, do Cofecon, est\u00e1 \u00e0 frente da iniciativa.<\/p>\n<p>O tema de 2020 \u00e9 \u201cConstruindo a sociedade do bem viver: por uma \u00e9tica planet\u00e1ria\u201d. Os participantes ter\u00e3o acesso a semin\u00e1rios e oficinas autogestion\u00e1rias tem\u00e1ticas, atividades culturais e encontros nacionais e internacionais.<\/p>\n<p>\u201cA Feira de Santa Maria \u00e9 uma Festa, um encontro de Forma\u00e7\u00e3o entre todos aqueles e aquelas que acreditam em um outro mundo poss\u00edvel com uma nova forma de economia que priorize o cuidado com a vida, justi\u00e7a social e dignidade para todos\u201d, explica a irm\u00e3 Lourdes Dill.<\/p>\n<p>A organiza\u00e7\u00e3o do evento lan\u00e7ou uma vaquinha online para aqueles que quiserem contribuir para a realiza\u00e7\u00e3o da 27\u00aa Feicoop. A doa\u00e7\u00e3o pode ser feita pelo link\u00a0<a href=\"https:\/\/www.kickante.com.br\/campanhas\/apoie-feicoop-2020\"><strong>https:\/\/www.kickante.com.br\/campanhas\/apoie-feicoop-2020<\/strong><\/a><\/p>\n<p>\u00a0<\/p>\n","protected":false},"excerpt":{"rendered":"","protected":false},"author":1,"featured_media":13445,"comment_status":"closed","ping_status":"closed","sticky":false,"template":"","format":"standard","meta":{"footnotes":""},"categories":[2],"tags":[],"class_list":["post-13443","post","type-post","status-publish","format-standard","has-post-thumbnail","hentry","category-noticias"],"_links":{"self":[{"href":"https:\/\/cofecon.org.br\/cofecon\/index.php?rest_route=\/wp\/v2\/posts\/13443"}],"collection":[{"href":"https:\/\/cofecon.org.br\/cofecon\/index.php?rest_route=\/wp\/v2\/posts"}],"about":[{"href":"https:\/\/cofecon.org.br\/cofecon\/index.php?rest_route=\/wp\/v2\/types\/post"}],"author":[{"embeddable":true,"href":"https:\/\/cofecon.org.br\/cofecon\/index.php?rest_route=\/wp\/v2\/users\/1"}],"replies":[{"embeddable":true,"href":"https:\/\/cofecon.org.br\/cofecon\/index.php?rest_route=%2Fwp%2Fv2%2Fcomments&post=13443"}],"version-history":[{"count":0,"href":"https:\/\/cofecon.org.br\/cofecon\/index.php?rest_route=\/wp\/v2\/posts\/13443\/revisions"}],"wp:featuredmedia":[{"embeddable":true,"href":"https:\/\/cofecon.org.br\/cofecon\/index.php?rest_route=\/wp\/v2\/media\/13445"}],"wp:attachment":[{"href":"https:\/\/cofecon.org.br\/cofecon\/index.php?rest_route=%2Fwp%2Fv2%2Fmedia&parent=13443"}],"wp:term":[{"taxonomy":"category","embeddable":true,"href":"https:\/\/cofecon.org.br\/cofecon\/index.php?rest_route=%2Fwp%2Fv2%2Fcategories&post=13443"},{"taxonomy":"post_tag","embeddable":true,"href":"https:\/\/cofecon.org.br\/cofecon\/index.php?rest_route=%2Fwp%2Fv2%2Ftags&post=13443"}],"curies":[{"name":"wp","href":"https:\/\/api.w.org\/{rel}","templated":true}]}}